{"id":17479,"date":"2025-02-17T22:50:41","date_gmt":"2025-02-18T02:50:41","guid":{"rendered":"https:\/\/prensapresidencialvenezuela.gob.ve\/?p=17479"},"modified":"2025-02-17T22:50:42","modified_gmt":"2025-02-18T02:50:42","slug":"celebran-el-primer-aniversario-de-la-gran-mision-viva-venezuela-mi-patria-querida-con-homenaje-a-ali-primera-y-la-cultura-pemona","status":"publish","type":"post","link":"https:\/\/prensapresidencialvenezuela.gob.ve\/index.php\/2025\/02\/17\/celebran-el-primer-aniversario-de-la-gran-mision-viva-venezuela-mi-patria-querida-con-homenaje-a-ali-primera-y-la-cultura-pemona\/","title":{"rendered":"Celebran el primer aniversario de la Gran Misi\u00f3n Viva Venezuela Mi Patria Querida con homenaje a Al\u00ed Primera y la cultura pemona"},"content":{"rendered":"\n<p><a><\/a><strong>Teatro Teresa Carre\u00f1o, Caracas. &#8211;<\/strong><a><\/a><a>Durante el segmento Con Maduro+ Cultura el presidente de la Rep\u00fablica Bolivariana de Venezuela, Nicol\u00e1s Maduro, en el marco del primer aniversario de la Gran Misi\u00f3n Viva Venezuela mi Patria Querida, comparti\u00f3 con cultores, quienes con canto y danza homenajearon al Cantor del Pueblo, Al\u00ed Primera, interpretando sus canciones emblem\u00e1ticas dirigidas al hombre como ser pensante y soberano.<\/a><\/p>\n\n\n\n<p>Tambi\u00e9n participaron representantes originarios de la etnia pemona, quienes interpretaron una canci\u00f3n dedicada al Esequibo y otorgaron al jefe de Estado, un ejemplar en madera de una lanza ind\u00edgena, en celebraci\u00f3n al aniversario de la Gran Misi\u00f3n Viva Venezuela mi Patria Querida.<\/p>\n\n\n\n<p>En la transmisi\u00f3n del programa no s\u00f3lo celebr\u00f3 la m\u00fasica y el arte, sino que tambi\u00e9n fue testigo de la representaci\u00f3n de la etnia Pemona, que interpret\u00f3 una conmovedora canci\u00f3n dedicada al Esequibo.<\/p>\n\n\n\n<figure class=\"wp-block-image size-large\"><img fetchpriority=\"high\" decoding=\"async\" width=\"1024\" height=\"682\" src=\"https:\/\/prensapresidencialvenezuela.gob.ve\/wp-content\/uploads\/2025\/02\/5bdb9a98-5af8-4e77-9334-b417fd70ce5c-1024x682.jpg\" alt=\"\" class=\"wp-image-17481\" srcset=\"https:\/\/prensapresidencialvenezuela.gob.ve\/wp-content\/uploads\/2025\/02\/5bdb9a98-5af8-4e77-9334-b417fd70ce5c-1024x682.jpg 1024w, https:\/\/prensapresidencialvenezuela.gob.ve\/wp-content\/uploads\/2025\/02\/5bdb9a98-5af8-4e77-9334-b417fd70ce5c-300x200.jpg 300w, https:\/\/prensapresidencialvenezuela.gob.ve\/wp-content\/uploads\/2025\/02\/5bdb9a98-5af8-4e77-9334-b417fd70ce5c-768x512.jpg 768w, https:\/\/prensapresidencialvenezuela.gob.ve\/wp-content\/uploads\/2025\/02\/5bdb9a98-5af8-4e77-9334-b417fd70ce5c.jpg 1280w\" sizes=\"(max-width: 1024px) 100vw, 1024px\" \/><\/figure>\n\n\n\n<p>En un gesto simb\u00f3lico, los representantes de esta comunidad ind\u00edgena obsequiaron al presidente una lanza en madera, reafirmando su identidad y los lazos culturales que unen a Venezuela.<\/p>\n\n\n\n<p><strong>Impacto de la Gran Misi\u00f3n<\/strong><\/p>\n\n\n\n<p>Desde su lanzamiento, la Gran Misi\u00f3n Viva Venezuela ha transformado el panorama cultural del pa\u00eds. M\u00e1s de 514 mil cultores se han registrado, creando un espacio enriquecedor para la promoci\u00f3n y preservaci\u00f3n de la diversidad cultural venezolana. Un hito significativo fue el Festival Mundial Viva Venezuela, donde 45 mil personas se reunieron en el Estadio Monumental Sim\u00f3n Bol\u00edvar, celebrando la pluralidad art\u00edstica en un ambiente de convivencia y creatividad.<\/p>\n\n\n\n<p><strong>Prensa Presidencial\/ Luis Tavera<\/strong><\/p>\n","protected":false},"excerpt":{"rendered":"<p>Teatro Teresa Carre\u00f1o, Caracas. &#8211;Durante el segmento Con Maduro+ Cultura el presidente de la Rep\u00fablica Bolivariana de Venezuela, Nicol\u00e1s Maduro, en el marco del primer aniversario de la Gran Misi\u00f3n Viva Venezuela mi Patria Querida, comparti\u00f3 con cultores, quienes con canto y danza homenajearon al Cantor del Pueblo, Al\u00ed Primera, interpretando sus canciones emblem\u00e1ticas dirigidas [&hellip;]<\/p>\n","protected":false},"author":1,"featured_media":17480,"comment_status":"open","ping_status":"open","sticky":false,"template":"","format":"standard","meta":{"footnotes":""},"categories":[18,7],"tags":[],"class_list":["post-17479","post","type-post","status-publish","format-standard","has-post-thumbnail","hentry","category-noticias-principales","category-notas-de-prensa"],"_links":{"self":[{"href":"https:\/\/prensapresidencialvenezuela.gob.ve\/index.php\/wp-json\/wp\/v2\/posts\/17479","targetHints":{"allow":["GET"]}}],"collection":[{"href":"https:\/\/prensapresidencialvenezuela.gob.ve\/index.php\/wp-json\/wp\/v2\/posts"}],"about":[{"href":"https:\/\/prensapresidencialvenezuela.gob.ve\/index.php\/wp-json\/wp\/v2\/types\/post"}],"author":[{"embeddable":true,"href":"https:\/\/prensapresidencialvenezuela.gob.ve\/index.php\/wp-json\/wp\/v2\/users\/1"}],"replies":[{"embeddable":true,"href":"https:\/\/prensapresidencialvenezuela.gob.ve\/index.php\/wp-json\/wp\/v2\/comments?post=17479"}],"version-history":[{"count":1,"href":"https:\/\/prensapresidencialvenezuela.gob.ve\/index.php\/wp-json\/wp\/v2\/posts\/17479\/revisions"}],"predecessor-version":[{"id":17482,"href":"https:\/\/prensapresidencialvenezuela.gob.ve\/index.php\/wp-json\/wp\/v2\/posts\/17479\/revisions\/17482"}],"wp:featuredmedia":[{"embeddable":true,"href":"https:\/\/prensapresidencialvenezuela.gob.ve\/index.php\/wp-json\/wp\/v2\/media\/17480"}],"wp:attachment":[{"href":"https:\/\/prensapresidencialvenezuela.gob.ve\/index.php\/wp-json\/wp\/v2\/media?parent=17479"}],"wp:term":[{"taxonomy":"category","embeddable":true,"href":"https:\/\/prensapresidencialvenezuela.gob.ve\/index.php\/wp-json\/wp\/v2\/categories?post=17479"},{"taxonomy":"post_tag","embeddable":true,"href":"https:\/\/prensapresidencialvenezuela.gob.ve\/index.php\/wp-json\/wp\/v2\/tags?post=17479"}],"curies":[{"name":"wp","href":"https:\/\/api.w.org\/{rel}","templated":true}]}}