{"id":17495,"date":"2025-02-19T19:19:48","date_gmt":"2025-02-19T23:19:48","guid":{"rendered":"https:\/\/prensapresidencialvenezuela.gob.ve\/?p=17495"},"modified":"2025-02-19T19:20:29","modified_gmt":"2025-02-19T23:20:29","slug":"gobierno-bolivariano-evoca-la-vision-de-independencia-economica-del-comandante-hugo-chavez","status":"publish","type":"post","link":"https:\/\/prensapresidencialvenezuela.gob.ve\/index.php\/2025\/02\/19\/gobierno-bolivariano-evoca-la-vision-de-independencia-economica-del-comandante-hugo-chavez\/","title":{"rendered":"Gobierno Bolivariano evoca la visi\u00f3n de independencia econ\u00f3mica del Comandante Hugo Ch\u00e1vez"},"content":{"rendered":"\n<p><strong>Palacio Federal Legislativo, Caracas. &#8211;<\/strong> En una jornada crucial para el futuro pol\u00edtico y econ\u00f3mico del pa\u00eds, el presidente de la Rep\u00fablica Bolivariana de Venezuela, Nicol\u00e1s Maduro Moros, lider\u00f3 una reuni\u00f3n con la Comisi\u00f3n Nacional Amplia, destinada a discutir la propuesta de reforma Constitucional presentada el pasado 15 de febrero ante la Asamblea Nacional.<\/p>\n\n\n\n<p>Este encuentro se enmarca en un contexto en el que la construcci\u00f3n de un modelo econ\u00f3mico soberano es imperativa tras a\u00f1os de sanciones internacionales.<\/p>\n\n\n\n<p><strong>Legado de Cambio<\/strong><\/p>\n\n\n\n<p>El jefe de Estado evoc\u00f3 las ense\u00f1anzas del Comandante Hugo Ch\u00e1vez, quien en junio de 1996 introdujo la Agenda Alternativa Bolivariana, sembrando las bases para un cambio paradigm\u00e1tico en el pa\u00eds.<\/p>\n\n\n\n<p>\u201cCh\u00e1vez abri\u00f3 un primer boquete en la oscuridad, y hoy debemos continuar iluminando el camino hacia una econom\u00eda autosustentable\u201d, declar\u00f3 el Mandatario.<\/p>\n\n\n\n<p>Este enfoque resalta la necesidad de rescatar los motores fundamentales del desarrollo nacional, enfatizando que el futuro de Venezuela depende de su capacidad de innovaci\u00f3n y autosuficiencia.<\/p>\n\n\n\n<p><strong>Resiliencia frente a la adversidad<\/strong><\/p>\n\n\n\n<p>El presidente Maduro record\u00f3 las adversidades enfrentadas durante a\u00f1os de guerra econ\u00f3mica y sanciones externas, que han tenido un impacto devastador en el bienestar social.<\/p>\n\n\n\n<p>\u201cHemos sufrido ataques directos a nuestro aparato econ\u00f3mico. Hoy, despu\u00e9s de tanta lucha, estamos listos para presentar una hoja de ruta que nos conduzca hacia 30 a\u00f1os de desarrollo y prosperidad\u201d, afirm\u00f3.<\/p>\n\n\n\n<p>Este plan, explic\u00f3 el jefe de Estado, es clave para la construcci\u00f3n de una sociedad m\u00e1s justa y equitativa.<\/p>\n\n\n\n<p><strong>&nbsp;Construcci\u00f3n de una nueva sociedad<\/strong><\/p>\n\n\n\n<p>La nueva visi\u00f3n econ\u00f3mica propuesta por el Presidente se basa en la creaci\u00f3n de una s\u00f3lida base econ\u00f3mica, que permita la implementaci\u00f3n de un modelo social que priorice la igualdad y la m\u00e1xima felicidad social.<\/p>\n\n\n\n<p>\u201cLa econom\u00eda debe ser la base de nuestra nueva sociedad. Necesitamos una econom\u00eda que garantice los derechos sociales y laborales, que han sido vulnerados en el pasado\u201d, continu\u00f3 el Mandatario.<\/p>\n\n\n\n<p>Frente a la incertidumbre que genera la situaci\u00f3n mundial, el jefe de Estado destac\u00f3 la importancia de unir esfuerzos con el sector empresarial y emprendedor del pa\u00eds, creando un frente com\u00fan para la innovaci\u00f3n y el desarrollo.<\/p>\n\n\n\n<p><strong>Importancia de la Alianza Internacional<\/strong><\/p>\n\n\n\n<p>El Presidente hizo hincapi\u00e9 en el papel de la cooperaci\u00f3n internacional como un pilar necesario para la superaci\u00f3n de obst\u00e1culos.<\/p>\n\n\n\n<p>Mencion\u00f3 el apoyo recibido de pa\u00edses como China, Rusia, India e Ir\u00e1n, que han sido aliados estrat\u00e9gicos en la reconstrucci\u00f3n de la econom\u00eda venezolana.<\/p>\n\n\n\n<p>\u201cNo hemos estado solos en esta lucha. Con la ayuda de nuestros amigos, pero sobre todo con nuestro propio esfuerzo, hemos logrado avanzar\u201d, concluy\u00f3.<\/p>\n\n\n\n<p>Con este panorama, el presidente Maduro invita a toda la Naci\u00f3n a unirse al debate sobre el futuro del pa\u00eds, reafirmando su compromiso de construir un modelo econ\u00f3mico y social que asegure la recuperaci\u00f3n y el bienestar del pueblo venezolano. La mirada hacia adelante es clara:<\/p>\n\n\n\n<p>\u201cEs el momento de la verdad, el momento de la lucha por nuestra econom\u00eda y nuestro futuro\u201d, puntualiz\u00f3.<\/p>\n\n\n\n<p><strong>Prensa Presidencial\/ Luis Tavera<\/strong><\/p>\n","protected":false},"excerpt":{"rendered":"<p>Palacio Federal Legislativo, Caracas. &#8211; En una jornada crucial para el futuro pol\u00edtico y econ\u00f3mico del pa\u00eds, el presidente de la Rep\u00fablica Bolivariana de Venezuela, Nicol\u00e1s Maduro Moros, lider\u00f3 una reuni\u00f3n con la Comisi\u00f3n Nacional Amplia, destinada a discutir la propuesta de reforma Constitucional presentada el pasado 15 de febrero ante la Asamblea Nacional. Este [&hellip;]<\/p>\n","protected":false},"author":1,"featured_media":17496,"comment_status":"open","ping_status":"open","sticky":false,"template":"","format":"standard","meta":{"footnotes":""},"categories":[18,7],"tags":[],"class_list":["post-17495","post","type-post","status-publish","format-standard","has-post-thumbnail","hentry","category-noticias-principales","category-notas-de-prensa"],"_links":{"self":[{"href":"https:\/\/prensapresidencialvenezuela.gob.ve\/index.php\/wp-json\/wp\/v2\/posts\/17495","targetHints":{"allow":["GET"]}}],"collection":[{"href":"https:\/\/prensapresidencialvenezuela.gob.ve\/index.php\/wp-json\/wp\/v2\/posts"}],"about":[{"href":"https:\/\/prensapresidencialvenezuela.gob.ve\/index.php\/wp-json\/wp\/v2\/types\/post"}],"author":[{"embeddable":true,"href":"https:\/\/prensapresidencialvenezuela.gob.ve\/index.php\/wp-json\/wp\/v2\/users\/1"}],"replies":[{"embeddable":true,"href":"https:\/\/prensapresidencialvenezuela.gob.ve\/index.php\/wp-json\/wp\/v2\/comments?post=17495"}],"version-history":[{"count":2,"href":"https:\/\/prensapresidencialvenezuela.gob.ve\/index.php\/wp-json\/wp\/v2\/posts\/17495\/revisions"}],"predecessor-version":[{"id":17498,"href":"https:\/\/prensapresidencialvenezuela.gob.ve\/index.php\/wp-json\/wp\/v2\/posts\/17495\/revisions\/17498"}],"wp:featuredmedia":[{"embeddable":true,"href":"https:\/\/prensapresidencialvenezuela.gob.ve\/index.php\/wp-json\/wp\/v2\/media\/17496"}],"wp:attachment":[{"href":"https:\/\/prensapresidencialvenezuela.gob.ve\/index.php\/wp-json\/wp\/v2\/media?parent=17495"}],"wp:term":[{"taxonomy":"category","embeddable":true,"href":"https:\/\/prensapresidencialvenezuela.gob.ve\/index.php\/wp-json\/wp\/v2\/categories?post=17495"},{"taxonomy":"post_tag","embeddable":true,"href":"https:\/\/prensapresidencialvenezuela.gob.ve\/index.php\/wp-json\/wp\/v2\/tags?post=17495"}],"curies":[{"name":"wp","href":"https:\/\/api.w.org\/{rel}","templated":true}]}}