{"id":17500,"date":"2025-02-19T19:36:20","date_gmt":"2025-02-19T23:36:20","guid":{"rendered":"https:\/\/prensapresidencialvenezuela.gob.ve\/?p=17500"},"modified":"2025-02-19T19:36:20","modified_gmt":"2025-02-19T23:36:20","slug":"metodo-para-la-reforma-constitucional-debera-ser-incluyente-democratico-y-convocante","status":"publish","type":"post","link":"https:\/\/prensapresidencialvenezuela.gob.ve\/index.php\/2025\/02\/19\/metodo-para-la-reforma-constitucional-debera-ser-incluyente-democratico-y-convocante\/","title":{"rendered":"M\u00e9todo para la reforma constitucional deber\u00e1 ser incluyente, democr\u00e1tico y convocante"},"content":{"rendered":"\n<p><strong>Palacio Legislativo, Caracas.-<\/strong> Durante una reuni\u00f3n con la Comisi\u00f3n Nacional Amplia para la Reforma Constitucional, el presidente de la Rep\u00fablica Bolivariana de Venezuela, Nicol\u00e1s Maduro enfatiz\u00f3 la importancia de la preparaci\u00f3n de todo el proceso para concretar las propuestas de la reforma constitucional 2025.<\/p>\n\n\n\n<p>\u00abUna jornada en donde debemos ir nosotros preparando todo el proceso intenso: debatir, consultar, redactar y tener las propuestas de una reforma constitucional 2025, es una tarea necesaria, muy compleja pero que hay que resolver con m\u00e9todos incluyentes, democr\u00e1ticos y convocantes\u00bb, orient\u00f3.<br><br>El Mandatario destac\u00f3 la necesidad de escuchar y tomar en cuenta todas las propuestas, as\u00ed \u201ccomo bien hicimos en la consulta y en el debate de 1999&#8243;.<\/p>\n\n\n\n<p>Record\u00f3 c\u00f3mo, por primera vez en la historia, se abrieron las compuertas del Palacio Federal Legislativo y los constituyentes, \u201cparlamentarias plenipotenciario, por primera vez, salieron a recorrer los campos, los barrios, las calles, las plazas, las universidades por primera vez un debate sobre la carta magna se hizo con todo un pa\u00eds\u201d.<\/p>\n\n\n\n<p><br>Tambi\u00e9n reflexion\u00f3 sobre la historia de las constituyentes en Venezuela, al mencionar que \u00abla constituyente del 1947 fue un experimento hermoso\u00bb y asegur\u00f3 que, aunque en ese momento se transmitieron los debates a trav\u00e9s de la radio, nunca se contaron con los mecanismos necesarios para recibir la opini\u00f3n del pueblo.<\/p>\n\n\n\n<p>\u201cImag\u00ednense ustedes, la radio era el centro, no hab\u00eda llegado la televisi\u00f3n, toda la familia se sentaba alrededor de la radio y por primera vez se abr\u00eda el debate pol\u00edtico, luego de una larga dictadura pro-imperialista, de Juan Vicente G\u00f3mez que a pu\u00f1al (\u2026) le entreg\u00f3 nuestras riqueza a las empresas transnacionales imperialista y convirtieron en Venezuela una colonia petrolera\u201d, detall\u00f3.<\/p>\n\n\n\n<p>En este sentido, instruy\u00f3 al ministro del Poder Popular de Comunicaci\u00f3n e Informaci\u00f3n, Alfred Nazaret; y al ministro del Poder Popular para la Cultura, Ernesto Villegas, la recopilaci\u00f3n de estos debates \u201cpara mostrarle a nuestro pueblo, porque la historia va creando conocimiento, valores, fortalezas. Seguramente habr\u00e1 grabaciones, habr\u00e1 transcripciones\u201d.<\/p>\n\n\n\n<p><br>\u00abEl pueblo estaba despertando\u00bb, record\u00f3, haciendo alusi\u00f3n a la organizaci\u00f3n social y pol\u00edtica que comenz\u00f3 a florecer en el pa\u00eds.<\/p>\n\n\n\n<p>El Presidente subray\u00f3 que el gran proceso de participaci\u00f3n se dio en 1999, cuando se firm\u00f3 el decreto para convocar el primer refer\u00e9ndum en la historia pol\u00edtica de Venezuela, el cual \u00abno lo firm\u00f3 R\u00f3mulo Betancourt, no lo firm\u00f3 Carlos Andr\u00e9s P\u00e9rez, no lo firm\u00f3 Rafael Caldera, no lo hicieron, lo pudieron haber hecho, tuvieron cuarenta a\u00f1os en el poder, pero lo firmo el Ara\u00f1ero de sabaneta, el hombre del pueblo, nuestro comandante Hugo Rafael Ch\u00e1vez Fr\u00edas.\u00bb, indic\u00f3, tras recordar las dificultades que enfrentaron en ese proceso.<\/p>\n\n\n\n<p><strong>Juventud convocada en el proceso hist\u00f3rico<\/strong><\/p>\n\n\n\n<p><strong><br><\/strong>Previamente, el jefe de Estado expres\u00f3 que en medio de un a\u00f1o 2025 que ha iniciado acelerado y \u201cen un tiempo hist\u00f3rico acelerado, el tiempo geopol\u00edtico est\u00e1 acelerado, y la Revoluci\u00f3n Bolivariana, el pueblo de Venezuela, los cambios y transformaciones tambi\u00e9n est\u00e1n aceleradas. Tenemos muchos frentes de batallas que hay que cuidar, trabajar y profundizar\u201d.<\/p>\n\n\n\n<p>Asimismo, destac\u00f3 a los integrantes de la Comisi\u00f3n Nacional para la Reforma Constitucional: \u201cHay que ver \u00bfen qu\u00e9 pa\u00eds se convoca&nbsp; a la juventud para el debate de los grandes temas? Que van a marcar los pr\u00f3ximos 30 a\u00f1os. Aqu\u00ed est\u00e1n convocados muchachos, confi\u00f3 plenamente en la juventud venezolana para llevar adelante las ideas y el proceso de Reforma Constitucional del a\u00f1o 2025\u201d.<\/p>\n\n\n\n<p><strong>Prensa Presidencial \/ Eduardo Hueck<\/strong><\/p>\n","protected":false},"excerpt":{"rendered":"<p>Palacio Legislativo, Caracas.- Durante una reuni\u00f3n con la Comisi\u00f3n Nacional Amplia para la Reforma Constitucional, el presidente de la Rep\u00fablica Bolivariana de Venezuela, Nicol\u00e1s Maduro enfatiz\u00f3 la importancia de la preparaci\u00f3n de todo el proceso para concretar las propuestas de la reforma constitucional 2025. \u00abUna jornada en donde debemos ir nosotros preparando todo el proceso [&hellip;]<\/p>\n","protected":false},"author":1,"featured_media":17501,"comment_status":"open","ping_status":"open","sticky":false,"template":"","format":"standard","meta":{"footnotes":""},"categories":[18,7],"tags":[],"class_list":["post-17500","post","type-post","status-publish","format-standard","has-post-thumbnail","hentry","category-noticias-principales","category-notas-de-prensa"],"_links":{"self":[{"href":"https:\/\/prensapresidencialvenezuela.gob.ve\/index.php\/wp-json\/wp\/v2\/posts\/17500","targetHints":{"allow":["GET"]}}],"collection":[{"href":"https:\/\/prensapresidencialvenezuela.gob.ve\/index.php\/wp-json\/wp\/v2\/posts"}],"about":[{"href":"https:\/\/prensapresidencialvenezuela.gob.ve\/index.php\/wp-json\/wp\/v2\/types\/post"}],"author":[{"embeddable":true,"href":"https:\/\/prensapresidencialvenezuela.gob.ve\/index.php\/wp-json\/wp\/v2\/users\/1"}],"replies":[{"embeddable":true,"href":"https:\/\/prensapresidencialvenezuela.gob.ve\/index.php\/wp-json\/wp\/v2\/comments?post=17500"}],"version-history":[{"count":1,"href":"https:\/\/prensapresidencialvenezuela.gob.ve\/index.php\/wp-json\/wp\/v2\/posts\/17500\/revisions"}],"predecessor-version":[{"id":17502,"href":"https:\/\/prensapresidencialvenezuela.gob.ve\/index.php\/wp-json\/wp\/v2\/posts\/17500\/revisions\/17502"}],"wp:featuredmedia":[{"embeddable":true,"href":"https:\/\/prensapresidencialvenezuela.gob.ve\/index.php\/wp-json\/wp\/v2\/media\/17501"}],"wp:attachment":[{"href":"https:\/\/prensapresidencialvenezuela.gob.ve\/index.php\/wp-json\/wp\/v2\/media?parent=17500"}],"wp:term":[{"taxonomy":"category","embeddable":true,"href":"https:\/\/prensapresidencialvenezuela.gob.ve\/index.php\/wp-json\/wp\/v2\/categories?post=17500"},{"taxonomy":"post_tag","embeddable":true,"href":"https:\/\/prensapresidencialvenezuela.gob.ve\/index.php\/wp-json\/wp\/v2\/tags?post=17500"}],"curies":[{"name":"wp","href":"https:\/\/api.w.org\/{rel}","templated":true}]}}