{"id":17503,"date":"2025-02-19T19:49:55","date_gmt":"2025-02-19T23:49:55","guid":{"rendered":"https:\/\/prensapresidencialvenezuela.gob.ve\/?p=17503"},"modified":"2025-02-19T19:49:55","modified_gmt":"2025-02-19T23:49:55","slug":"reforma-constitucional-de-2025-debe-priorizar-la-voz-del-pueblo-venezolano","status":"publish","type":"post","link":"https:\/\/prensapresidencialvenezuela.gob.ve\/index.php\/2025\/02\/19\/reforma-constitucional-de-2025-debe-priorizar-la-voz-del-pueblo-venezolano\/","title":{"rendered":"Reforma Constitucional de 2025 debe priorizar la voz del pueblo venezolano"},"content":{"rendered":"\n<p><strong>Palacio Federal Legislativo, Caracas.-<\/strong><a><\/a><a>En una reuni\u00f3n celebrada en Sal\u00f3n Tr\u00edptico, del Palacio Federal Legislativo, el presidente de la Rep\u00fablica Bolivariana de Venezuela, Nicol\u00e1s Maduro, inst\u00f3 a los miembros de la Comisi\u00f3n Nacional Amplia para la Reforma Constitucional escuchar a la ciudadan\u00eda con la misma dedicaci\u00f3n que caracteriz\u00f3 el proceso que lider\u00f3 el Comandante Hugo Ch\u00e1vez en el a\u00f1o 1999.<\/a><\/p>\n\n\n\n<p>Este llamado a la inclusi\u00f3n busca fortalecer el v\u00ednculo entre el Gobierno y el pueblo en una etapa emblem\u00e1tica para la Naci\u00f3n.<\/p>\n\n\n\n<p><strong>Proceso intenso y complejo<\/strong><\/p>\n\n\n\n<p>El Mandatario subray\u00f3 la necesidad de preparar un proceso consultivo riguroso, que incluya la recopilaci\u00f3n de propuestas y la redacci\u00f3n de nuevas normativas.<\/p>\n\n\n\n<p>\u00abDebemos ir preparando todo el proceso intenso\u00bb, afirm\u00f3 el jefe de Estado, reconociendo la magnitud de la tarea que enfrenta la Comisi\u00f3n Nacional, de cara a la reforma constitucional.<\/p>\n\n\n\n<p><strong>Democracia Participativa y Protag\u00f3nica<\/strong><\/p>\n\n\n\n<p>El presidente Maduro enfatiz\u00f3 la importancia de emplear m\u00e9todos democr\u00e1ticos que convoquen a todos los sectores de la sociedad.<\/p>\n\n\n\n<p>Rescat\u00f3 el esp\u00edritu de 1999, cuando se establecieron espacios de di\u00e1logo en cada rinc\u00f3n del pa\u00eds.<\/p>\n\n\n\n<p>\u00abEsa fue la primera vez en la historia que los constituyentes salieron a recorrer campos, barrios y universidades\u00bb, record\u00f3, haciendo referencia a la participaci\u00f3n activa que caracteriz\u00f3 ese per\u00edodo.<\/p>\n\n\n\n<p><strong>Legado de Ch\u00e1vez<\/strong><\/p>\n\n\n\n<p>El Presidente tambi\u00e9n evoc\u00f3 el legado del l\u00edder de la Revoluci\u00f3n Bolivariana, Hugo Ch\u00e1vez Fr\u00edas, al recalcar que aquella conducci\u00f3n fue crucial para el \u00e9xito del proceso de consulta constitucional de entonces.<\/p>\n\n\n\n<p>La participaci\u00f3n popular, en palabras del Mandatario, ha sido y seguir\u00e1 siendo el pilar fundamental de cualquier reforma.<\/p>\n\n\n\n<p><strong>Ejes de la Reforma Constitucional<\/strong><\/p>\n\n\n\n<p>El presidente deline\u00f3 los puntos centrales que guiar\u00e1n la Reforma Constitucional:<\/p>\n\n\n\n<p>\u2022\u2060\u2060Ampliaci\u00f3n de la Democracia: Se busca perfeccionar la democracia participativa, integrando el Poder Comunal a trav\u00e9s de cuatro instancias de poder: regional, municipal y nacional.<\/p>\n\n\n\n<p>\u2022\u2060\u2060Construcci\u00f3n de una Nueva Sociedad: Consiste en reconocer y promover valores y principios que fortalezcan el bolivarianismo en un mundo multipolar.<\/p>\n\n\n\n<p>\u2022\u2060\u2060Modelo Econ\u00f3mico Diversificado: Se propone avanzar hacia una econom\u00eda autosuficiente que no dependa exclusivamente de factores externos. \u00abHemos logrado resultados positivos, pero debemos seguir avanzando en construir una nueva econom\u00eda\u00bb, destac\u00f3 Maduro.<\/p>\n\n\n\n<p>\u2022\u2060\u2060Actualizaci\u00f3n de la Carta Magna: Se llevar\u00e1 a cabo una revisi\u00f3n integral de los aspectos jur\u00eddicos y pol\u00edticos de la estructura constitucional actual.<\/p>\n\n\n\n<p>Con estas declaraciones, el presidente Nicol\u00e1s Maduro reafirma su compromiso con un proceso de reforma que no s\u00f3lo busca actualizar la Constituci\u00f3n, sino tambi\u00e9n revitalizar la participaci\u00f3n ciudadana y fortalecer la democracia en Venezuela.<\/p>\n\n\n\n<p>El impulso a la inclusi\u00f3n y el reconocimiento de la diversidad de voces se presentan como elementos vitales para el futuro del pa\u00eds.<\/p>\n\n\n\n<p><strong>Prensa Presidencial\/ Luis Tavera<\/strong><\/p>\n","protected":false},"excerpt":{"rendered":"<p>Palacio Federal Legislativo, Caracas.-En una reuni\u00f3n celebrada en Sal\u00f3n Tr\u00edptico, del Palacio Federal Legislativo, el presidente de la Rep\u00fablica Bolivariana de Venezuela, Nicol\u00e1s Maduro, inst\u00f3 a los miembros de la Comisi\u00f3n Nacional Amplia para la Reforma Constitucional escuchar a la ciudadan\u00eda con la misma dedicaci\u00f3n que caracteriz\u00f3 el proceso que lider\u00f3 el Comandante Hugo Ch\u00e1vez [&hellip;]<\/p>\n","protected":false},"author":1,"featured_media":17504,"comment_status":"open","ping_status":"open","sticky":false,"template":"","format":"standard","meta":{"footnotes":""},"categories":[18,7],"tags":[],"class_list":["post-17503","post","type-post","status-publish","format-standard","has-post-thumbnail","hentry","category-noticias-principales","category-notas-de-prensa"],"_links":{"self":[{"href":"https:\/\/prensapresidencialvenezuela.gob.ve\/index.php\/wp-json\/wp\/v2\/posts\/17503","targetHints":{"allow":["GET"]}}],"collection":[{"href":"https:\/\/prensapresidencialvenezuela.gob.ve\/index.php\/wp-json\/wp\/v2\/posts"}],"about":[{"href":"https:\/\/prensapresidencialvenezuela.gob.ve\/index.php\/wp-json\/wp\/v2\/types\/post"}],"author":[{"embeddable":true,"href":"https:\/\/prensapresidencialvenezuela.gob.ve\/index.php\/wp-json\/wp\/v2\/users\/1"}],"replies":[{"embeddable":true,"href":"https:\/\/prensapresidencialvenezuela.gob.ve\/index.php\/wp-json\/wp\/v2\/comments?post=17503"}],"version-history":[{"count":1,"href":"https:\/\/prensapresidencialvenezuela.gob.ve\/index.php\/wp-json\/wp\/v2\/posts\/17503\/revisions"}],"predecessor-version":[{"id":17505,"href":"https:\/\/prensapresidencialvenezuela.gob.ve\/index.php\/wp-json\/wp\/v2\/posts\/17503\/revisions\/17505"}],"wp:featuredmedia":[{"embeddable":true,"href":"https:\/\/prensapresidencialvenezuela.gob.ve\/index.php\/wp-json\/wp\/v2\/media\/17504"}],"wp:attachment":[{"href":"https:\/\/prensapresidencialvenezuela.gob.ve\/index.php\/wp-json\/wp\/v2\/media?parent=17503"}],"wp:term":[{"taxonomy":"category","embeddable":true,"href":"https:\/\/prensapresidencialvenezuela.gob.ve\/index.php\/wp-json\/wp\/v2\/categories?post=17503"},{"taxonomy":"post_tag","embeddable":true,"href":"https:\/\/prensapresidencialvenezuela.gob.ve\/index.php\/wp-json\/wp\/v2\/tags?post=17503"}],"curies":[{"name":"wp","href":"https:\/\/api.w.org\/{rel}","templated":true}]}}