{"id":17506,"date":"2025-02-19T20:25:21","date_gmt":"2025-02-20T00:25:21","guid":{"rendered":"https:\/\/prensapresidencialvenezuela.gob.ve\/?p=17506"},"modified":"2025-02-19T20:25:22","modified_gmt":"2025-02-20T00:25:22","slug":"legado-cientifico-y-cultural-de-venezuela-mandatario-honra-a-fernandez-moran-y-a-jose-antonio-abreu","status":"publish","type":"post","link":"https:\/\/prensapresidencialvenezuela.gob.ve\/index.php\/2025\/02\/19\/legado-cientifico-y-cultural-de-venezuela-mandatario-honra-a-fernandez-moran-y-a-jose-antonio-abreu\/","title":{"rendered":"Legado cient\u00edfico y cultural de Venezuela: Mandatario honra a Fern\u00e1ndez-Mor\u00e1n y a Jos\u00e9 Antonio Abreu"},"content":{"rendered":"\n<p><strong>Palacio Federal Legislativo, Caracas. <a><\/a><a>\u2013<\/a><\/strong> El presidente de la Rep\u00fablica Bolivariana de Venezuela, Nicol\u00e1s Maduro, exalt\u00f3 la memoria y los aportes del Dr. Humberto Fern\u00e1ndez-Mor\u00e1n y del maestro Jos\u00e9 Antonio Abreu, a quienes calific\u00f3 como \u201cdos gigantes bolivarianos, afincados en su ra\u00edz\u201d.<\/p>\n\n\n\n<p>Esta afirmaci\u00f3n resuena profundamente en un pa\u00eds que valora su legado cultural y cient\u00edfico, y refleja el compromiso del gobierno por honrar a quienes han dejado una huella imborrable en la historia de Venezuela.<\/p>\n\n\n\n<p><strong>Ciencia y m\u00fasica como s\u00edmbolos de transformaci\u00f3n<\/strong><\/p>\n\n\n\n<p>Durante la reuni\u00f3n con la Comisi\u00f3n Nacional Amplia para la Reforma Constitucional, el Mandatario resalt\u00f3 c\u00f3mo los trabajos de ambos homenajeados han impactado no s\u00f3lo a Venezuela, sino al mundo entero.<\/p>\n\n\n\n<p>Por un lado, destac\u00f3 la contribuci\u00f3n del Dr. Fern\u00e1ndez-Mor\u00e1n a la ciencia, afirmando que \u201csin \u00e9l, el hombre no habr\u00eda llegado a la luna\u201d.<\/p>\n\n\n\n<p>Por otro lado, reconoci\u00f3 el monumental legado del maestro Abreu en la m\u00fasica, cuyo Sistema Nacional de Orquestas y Coros Juveniles e Infantiles ha transformado la vida de miles de j\u00f3venes venezolanos y ha resonado en los escenarios internacionales.<\/p>\n\n\n\n<p><strong>Conmemoraciones que unen a la Naci\u00f3n<\/strong><\/p>\n\n\n\n<p>La ocasi\u00f3n fue propicia para que el presidente Maduro recordara el reciente estreno de la pel\u00edcula \u201cCiencias para la Vida\u201d, que narra la vida del Dr. Humberto Fern\u00e1ndez-Mor\u00e1n, en el marco de su 101\u00ba aniversario.<\/p>\n\n\n\n<p>Asimismo, se conmemor\u00f3 el 50\u00ba aniversario del Sistema de Orquestas, subrayando la relevancia de estas figuras en la edificaci\u00f3n de una identidad cultural rica y diversa.<\/p>\n\n\n\n<p>El Mandatario no s\u00f3lo destac\u00f3 las virtudes de Fern\u00e1ndez-Mor\u00e1n y Abreu, sino que tambi\u00e9n hizo hincapi\u00e9 en la conexi\u00f3n de estos hombres con el ideal de Sim\u00f3n Bol\u00edvar, El Libertador que ha sido un faro para la Revoluci\u00f3n Bolivariana.<\/p>\n\n\n\n<p>En su discurso, el presidente Maduro tambi\u00e9n mencion\u00f3 al Comandante Hugo Ch\u00e1vez como otro pilar bolivariano que marc\u00f3 un antes y un despu\u00e9s en la historia pol\u00edtica y cultural de Venezuela y del continente.<\/p>\n\n\n\n<p><strong>Prensa Presidencial\/ Luis Tavera<\/strong><\/p>\n","protected":false},"excerpt":{"rendered":"<p>Palacio Federal Legislativo, Caracas. \u2013 El presidente de la Rep\u00fablica Bolivariana de Venezuela, Nicol\u00e1s Maduro, exalt\u00f3 la memoria y los aportes del Dr. Humberto Fern\u00e1ndez-Mor\u00e1n y del maestro Jos\u00e9 Antonio Abreu, a quienes calific\u00f3 como \u201cdos gigantes bolivarianos, afincados en su ra\u00edz\u201d. Esta afirmaci\u00f3n resuena profundamente en un pa\u00eds que valora su legado cultural y [&hellip;]<\/p>\n","protected":false},"author":1,"featured_media":17507,"comment_status":"open","ping_status":"open","sticky":false,"template":"","format":"standard","meta":{"footnotes":""},"categories":[18,7],"tags":[],"class_list":["post-17506","post","type-post","status-publish","format-standard","has-post-thumbnail","hentry","category-noticias-principales","category-notas-de-prensa"],"_links":{"self":[{"href":"https:\/\/prensapresidencialvenezuela.gob.ve\/index.php\/wp-json\/wp\/v2\/posts\/17506","targetHints":{"allow":["GET"]}}],"collection":[{"href":"https:\/\/prensapresidencialvenezuela.gob.ve\/index.php\/wp-json\/wp\/v2\/posts"}],"about":[{"href":"https:\/\/prensapresidencialvenezuela.gob.ve\/index.php\/wp-json\/wp\/v2\/types\/post"}],"author":[{"embeddable":true,"href":"https:\/\/prensapresidencialvenezuela.gob.ve\/index.php\/wp-json\/wp\/v2\/users\/1"}],"replies":[{"embeddable":true,"href":"https:\/\/prensapresidencialvenezuela.gob.ve\/index.php\/wp-json\/wp\/v2\/comments?post=17506"}],"version-history":[{"count":1,"href":"https:\/\/prensapresidencialvenezuela.gob.ve\/index.php\/wp-json\/wp\/v2\/posts\/17506\/revisions"}],"predecessor-version":[{"id":17508,"href":"https:\/\/prensapresidencialvenezuela.gob.ve\/index.php\/wp-json\/wp\/v2\/posts\/17506\/revisions\/17508"}],"wp:featuredmedia":[{"embeddable":true,"href":"https:\/\/prensapresidencialvenezuela.gob.ve\/index.php\/wp-json\/wp\/v2\/media\/17507"}],"wp:attachment":[{"href":"https:\/\/prensapresidencialvenezuela.gob.ve\/index.php\/wp-json\/wp\/v2\/media?parent=17506"}],"wp:term":[{"taxonomy":"category","embeddable":true,"href":"https:\/\/prensapresidencialvenezuela.gob.ve\/index.php\/wp-json\/wp\/v2\/categories?post=17506"},{"taxonomy":"post_tag","embeddable":true,"href":"https:\/\/prensapresidencialvenezuela.gob.ve\/index.php\/wp-json\/wp\/v2\/tags?post=17506"}],"curies":[{"name":"wp","href":"https:\/\/api.w.org\/{rel}","templated":true}]}}