{"id":17509,"date":"2025-02-19T20:59:12","date_gmt":"2025-02-20T00:59:12","guid":{"rendered":"https:\/\/prensapresidencialvenezuela.gob.ve\/?p=17509"},"modified":"2025-02-19T20:59:30","modified_gmt":"2025-02-20T00:59:30","slug":"reforma-constitucional-marcara-el-rumbo-economico-de-venezuela-para-los-proximos-30-anos","status":"publish","type":"post","link":"https:\/\/prensapresidencialvenezuela.gob.ve\/index.php\/2025\/02\/19\/reforma-constitucional-marcara-el-rumbo-economico-de-venezuela-para-los-proximos-30-anos\/","title":{"rendered":"Reforma Constitucional marcar\u00e1 el rumbo econ\u00f3mico de Venezuela para los pr\u00f3ximos 30 a\u00f1os"},"content":{"rendered":"\n<p><strong>Palacio Federal Legislativo, Caracas.- <\/strong>En un encuentro celebrado este mi\u00e9rcoles con la Comisi\u00f3n Nacional para la Reforma Constitucional, el presidente de la Rep\u00fablica Bolivariana de Venezuela Nicol\u00e1s Maduro present\u00f3 una propuesta que busca establecer una hoja de ruta econ\u00f3mica a largo plazo dentro de la Constituci\u00f3n.<\/p>\n\n\n\n<p>Este plan, dise\u00f1ado para los pr\u00f3ximos 30 a\u00f1os, tiene como prop\u00f3sito esencial la construcci\u00f3n de una econom\u00eda autosustentable, diversificada y productiva, fundamentada en los principios de justicia social y desarrollo sostenible.<\/p>\n\n\n\n<p><strong>Superando obst\u00e1culos hist\u00f3ricos<\/strong><\/p>\n\n\n\n<p>El jefe de Estado subray\u00f3 que este nuevo enfoque es el resultado de la capacidad de resistencia del pueblo venezolano frente a una guerra econ\u00f3mica terrorista y a las sanciones internacionales que han afectado severamente al pa\u00eds.<\/p>\n\n\n\n<p>\u201cHoy, estamos en la senda de la recuperaci\u00f3n. Con esfuerzo y trabajo conjunto, estamos en condiciones de plasmar en nuestra Constituci\u00f3n la estrategia para una econom\u00eda s\u00f3lida y sostenible,\u201d afirm\u00f3 el presidente, destacando el compromiso del Gobierno en la superaci\u00f3n de las adversidades.<\/p>\n\n\n\n<p><strong>Construyendo un modelo social sustentable<\/strong><\/p>\n\n\n\n<p>Durante su intervenci\u00f3n, el Mandatario hizo hincapi\u00e9 en que esta reforma no s\u00f3lo busca revitalizar la econom\u00eda, sino que tambi\u00e9n es fundamental para el desarrollo de un modelo social equitativo que garantice la m\u00e1xima felicidad para todos los venezolanos.<\/p>\n\n\n\n<p>\u201cHemos ido recuperando derechos sociales y laborales que cre\u00edamos perdidos, gracias al esfuerzo de nuestra gente. Esta nueva base econ\u00f3mica propia es esencial para construir la sociedad que so\u00f1amos,\u201d enfatiz\u00f3.<\/p>\n\n\n\n<p>El presidente Maduro concluy\u00f3 su discurso recordando que los ataques a la econom\u00eda venezolana han sido sistem\u00e1ticos y que la resiliencia del pueblo ha sido clave para avanzar hacia un futuro m\u00e1s pr\u00f3spero.<\/p>\n\n\n\n<p>\u201cLos misiles fueron dirigidos a nuestra econom\u00eda, pero hoy reafirmamos nuestra capacidad de levantarnos y trazar nuestro destino.\u201d<\/p>\n\n\n\n<p><strong>Prensa Presidencial\/ Luis Tavera<\/strong><\/p>\n","protected":false},"excerpt":{"rendered":"<p>Palacio Federal Legislativo, Caracas.- En un encuentro celebrado este mi\u00e9rcoles con la Comisi\u00f3n Nacional para la Reforma Constitucional, el presidente de la Rep\u00fablica Bolivariana de Venezuela Nicol\u00e1s Maduro present\u00f3 una propuesta que busca establecer una hoja de ruta econ\u00f3mica a largo plazo dentro de la Constituci\u00f3n. Este plan, dise\u00f1ado para los pr\u00f3ximos 30 a\u00f1os, tiene [&hellip;]<\/p>\n","protected":false},"author":1,"featured_media":17510,"comment_status":"open","ping_status":"open","sticky":false,"template":"","format":"standard","meta":{"footnotes":""},"categories":[18,7],"tags":[],"class_list":["post-17509","post","type-post","status-publish","format-standard","has-post-thumbnail","hentry","category-noticias-principales","category-notas-de-prensa"],"_links":{"self":[{"href":"https:\/\/prensapresidencialvenezuela.gob.ve\/index.php\/wp-json\/wp\/v2\/posts\/17509","targetHints":{"allow":["GET"]}}],"collection":[{"href":"https:\/\/prensapresidencialvenezuela.gob.ve\/index.php\/wp-json\/wp\/v2\/posts"}],"about":[{"href":"https:\/\/prensapresidencialvenezuela.gob.ve\/index.php\/wp-json\/wp\/v2\/types\/post"}],"author":[{"embeddable":true,"href":"https:\/\/prensapresidencialvenezuela.gob.ve\/index.php\/wp-json\/wp\/v2\/users\/1"}],"replies":[{"embeddable":true,"href":"https:\/\/prensapresidencialvenezuela.gob.ve\/index.php\/wp-json\/wp\/v2\/comments?post=17509"}],"version-history":[{"count":1,"href":"https:\/\/prensapresidencialvenezuela.gob.ve\/index.php\/wp-json\/wp\/v2\/posts\/17509\/revisions"}],"predecessor-version":[{"id":17511,"href":"https:\/\/prensapresidencialvenezuela.gob.ve\/index.php\/wp-json\/wp\/v2\/posts\/17509\/revisions\/17511"}],"wp:featuredmedia":[{"embeddable":true,"href":"https:\/\/prensapresidencialvenezuela.gob.ve\/index.php\/wp-json\/wp\/v2\/media\/17510"}],"wp:attachment":[{"href":"https:\/\/prensapresidencialvenezuela.gob.ve\/index.php\/wp-json\/wp\/v2\/media?parent=17509"}],"wp:term":[{"taxonomy":"category","embeddable":true,"href":"https:\/\/prensapresidencialvenezuela.gob.ve\/index.php\/wp-json\/wp\/v2\/categories?post=17509"},{"taxonomy":"post_tag","embeddable":true,"href":"https:\/\/prensapresidencialvenezuela.gob.ve\/index.php\/wp-json\/wp\/v2\/tags?post=17509"}],"curies":[{"name":"wp","href":"https:\/\/api.w.org\/{rel}","templated":true}]}}