{"id":17512,"date":"2025-02-19T21:14:08","date_gmt":"2025-02-20T01:14:08","guid":{"rendered":"https:\/\/prensapresidencialvenezuela.gob.ve\/?p=17512"},"modified":"2025-02-19T21:14:09","modified_gmt":"2025-02-20T01:14:09","slug":"hacia-una-nueva-constitucion-la-revolucion-permanente-en-venezuela","status":"publish","type":"post","link":"https:\/\/prensapresidencialvenezuela.gob.ve\/index.php\/2025\/02\/19\/hacia-una-nueva-constitucion-la-revolucion-permanente-en-venezuela\/","title":{"rendered":"Hacia una nueva Constituci\u00f3n: La Revoluci\u00f3n permanente en Venezuela"},"content":{"rendered":"\n<p><strong>Palacio Federal Legislativo, Caracas.-<\/strong>&nbsp; Durante una reuni\u00f3n con la Comisi\u00f3n Nacional Amplia, el presidente Nicol\u00e1s Maduro enfatiz\u00f3 la importancia de involucrar a la ciudadan\u00eda en el proceso de reforma, resaltando que \u201cesta comisi\u00f3n tiene que manejar, dirigir y conducir un gran debate que debe incorporar a toda la naci\u00f3n venezolana\u201d.<\/p>\n\n\n\n<p>La participaci\u00f3n del pueblo se presenta como un elemento crucial para ratificar la historia y los mandatos constitucionales establecidos por la revoluci\u00f3n bolivariana.<\/p>\n\n\n\n<p>La reforma no s\u00f3lo responde a la necesidad de modificaciones legislativas, sino que simboliza un llamado a la acci\u00f3n popular.<\/p>\n\n\n\n<p>El jefe de Estado afirm\u00f3 que este proceso se convertir\u00e1 \u201cen un verdadero proceso popular constituyente\u201d, haciendo eco del legado del Comandante Hugo Ch\u00e1vez y su visi\u00f3n de un poder constituyente original residenciado en el pueblo.<\/p>\n\n\n\n<p><strong>Modernizaci\u00f3n y proyecci\u00f3n del futuro<\/strong><\/p>\n\n\n\n<p>En el marco de esta propuesta, el Presidente destac\u00f3 que la reforma no se limita a un enfoque est\u00e1tico, sino que busca \u00abampliar, mejorar, perfeccionar\u00bb el sistema. El objetivo radica en modernizar la Constituci\u00f3n, proyectando a Venezuela hacia un futuro de paz, unidad y prosperidad en los pr\u00f3ximos 25 a\u00f1os.<\/p>\n\n\n\n<p>\u201cEs la activaci\u00f3n del poder popular constituyente. Este proceso jam\u00e1s debe terminar. La revoluci\u00f3n necesita mantener vivo este poder de manera creativa\u201d, expres\u00f3 el presidente Maduro, instando a la ciudadan\u00eda a involucrarse activamente en el debate y a contribuir con sus ideas.<\/p>\n\n\n\n<p>la Comisi\u00f3n Nacional Amplia para la Reforma Constitucional 2025 qued\u00f3 instalada en el emblem\u00e1tico Sal\u00f3n Tr\u00edptico del Palacio Federal Legislativo, un espacio de historia y compromiso con el pueblo.<\/p>\n\n\n\n<p>De esta manera, el gobierno se prepara para lo que promete ser un proceso intenso y participativo. \u00abVamos a iniciar esta primera sesi\u00f3n\u00bb, afirm\u00f3 el Presidente, dejando claro que la transformaci\u00f3n constitucional es tanto un derecho como un deber colectivo.<\/p>\n\n\n\n<p>Este acontecimiento marca un momento en la construcci\u00f3n de un nuevo futuro para Venezuela comenz\u00f3 con la decisi\u00f3n de mirar hacia adentro y activar el poder constituyente.<\/p>\n\n\n\n<p><strong>Prensa Presidencial\/ Luis Tavera<\/strong><\/p>\n","protected":false},"excerpt":{"rendered":"<p>Palacio Federal Legislativo, Caracas.-&nbsp; Durante una reuni\u00f3n con la Comisi\u00f3n Nacional Amplia, el presidente Nicol\u00e1s Maduro enfatiz\u00f3 la importancia de involucrar a la ciudadan\u00eda en el proceso de reforma, resaltando que \u201cesta comisi\u00f3n tiene que manejar, dirigir y conducir un gran debate que debe incorporar a toda la naci\u00f3n venezolana\u201d. La participaci\u00f3n del pueblo se [&hellip;]<\/p>\n","protected":false},"author":1,"featured_media":17513,"comment_status":"open","ping_status":"open","sticky":false,"template":"","format":"standard","meta":{"footnotes":""},"categories":[18,7],"tags":[],"class_list":["post-17512","post","type-post","status-publish","format-standard","has-post-thumbnail","hentry","category-noticias-principales","category-notas-de-prensa"],"_links":{"self":[{"href":"https:\/\/prensapresidencialvenezuela.gob.ve\/index.php\/wp-json\/wp\/v2\/posts\/17512","targetHints":{"allow":["GET"]}}],"collection":[{"href":"https:\/\/prensapresidencialvenezuela.gob.ve\/index.php\/wp-json\/wp\/v2\/posts"}],"about":[{"href":"https:\/\/prensapresidencialvenezuela.gob.ve\/index.php\/wp-json\/wp\/v2\/types\/post"}],"author":[{"embeddable":true,"href":"https:\/\/prensapresidencialvenezuela.gob.ve\/index.php\/wp-json\/wp\/v2\/users\/1"}],"replies":[{"embeddable":true,"href":"https:\/\/prensapresidencialvenezuela.gob.ve\/index.php\/wp-json\/wp\/v2\/comments?post=17512"}],"version-history":[{"count":1,"href":"https:\/\/prensapresidencialvenezuela.gob.ve\/index.php\/wp-json\/wp\/v2\/posts\/17512\/revisions"}],"predecessor-version":[{"id":17514,"href":"https:\/\/prensapresidencialvenezuela.gob.ve\/index.php\/wp-json\/wp\/v2\/posts\/17512\/revisions\/17514"}],"wp:featuredmedia":[{"embeddable":true,"href":"https:\/\/prensapresidencialvenezuela.gob.ve\/index.php\/wp-json\/wp\/v2\/media\/17513"}],"wp:attachment":[{"href":"https:\/\/prensapresidencialvenezuela.gob.ve\/index.php\/wp-json\/wp\/v2\/media?parent=17512"}],"wp:term":[{"taxonomy":"category","embeddable":true,"href":"https:\/\/prensapresidencialvenezuela.gob.ve\/index.php\/wp-json\/wp\/v2\/categories?post=17512"},{"taxonomy":"post_tag","embeddable":true,"href":"https:\/\/prensapresidencialvenezuela.gob.ve\/index.php\/wp-json\/wp\/v2\/tags?post=17512"}],"curies":[{"name":"wp","href":"https:\/\/api.w.org\/{rel}","templated":true}]}}