{"id":17516,"date":"2025-02-19T21:34:12","date_gmt":"2025-02-20T01:34:12","guid":{"rendered":"https:\/\/prensapresidencialvenezuela.gob.ve\/?p=17516"},"modified":"2025-02-19T21:34:24","modified_gmt":"2025-02-20T01:34:24","slug":"presidente-destaca-oportunidad-de-oro-para-informar-al-pueblo-sobre-la-reforma-constitucional","status":"publish","type":"post","link":"https:\/\/prensapresidencialvenezuela.gob.ve\/index.php\/2025\/02\/19\/presidente-destaca-oportunidad-de-oro-para-informar-al-pueblo-sobre-la-reforma-constitucional\/","title":{"rendered":"Presidente destaca oportunidad de oro para informar al pueblo sobre la Reforma Constitucional"},"content":{"rendered":"\n<p><strong>Palacio Federal Legislativo, Caracas.-<\/strong> Durante una reuni\u00f3n con la Comisi\u00f3n Nacional Amplia, destinada a discutir la propuesta de Reforma Constitucional presentada el pasado 15 de febrero ante la Asamblea Nacional, el presidente Nicol\u00e1s Maduro, reflexion\u00f3 sobre el proceso constituyente de 1999, al enfatizar las significativas diferencias en las oportunidades comunicacionales que ofrece este siglo XXI en comparaci\u00f3n con aquella \u00e9poca.<\/p>\n\n\n\n<p>\u00abHoy tenemos infinitas posibilidades para informar bien a la gente, para escuchar, para procesar, para determinar correctamente el rumbo que las grandes mayor\u00edas de este pa\u00eds quieren para nuestra historia\u00bb, detall\u00f3.<br><br>El Jefe de Estado record\u00f3 c\u00f3mo durante el proceso de 1999, la comunicaci\u00f3n era limitada, al indicar que la Comisi\u00f3n de Participaci\u00f3n Ciudadana, que presidia, depend\u00eda de m\u00e9todos tradicionales, como la recolecci\u00f3n de cartas y de propuestas a trav\u00e9s de un cami\u00f3n que recorr\u00eda el pa\u00eds.<\/p>\n\n\n\n<p>\u00abDar\u00edo Vivas era un dinamo incansable e invent\u00f3 de todo con los instrumentos que ten\u00edamos en la \u00e9poca, estaba empezando internet, todav\u00eda no hab\u00eda los correos electr\u00f3nicos, inventamos un \u201ccami\u00f3n buz\u00f3n\u201d&nbsp; y se fue por todo el pa\u00eds y llegaba pegando grit\u00f3 \u201cel buz\u00f3n, salga, la propuesta\u201d y la gente escribi\u00f3 cartas, miles de cartas que llegaron\u00bb, coment\u00f3 al destacar el esfuerzo realizado.<\/p>\n\n\n\n<p><br>Adem\u00e1s, Maduro record\u00f3 el programa \u00abDi\u00e1logo Constituyente\u00bb, transmitido en vivo por el Canal M\u00e1ximo Televisi\u00f3n (CMT), donde se discutieron los art\u00edculos de la nueva constituci\u00f3n a trav\u00e9s de videoconferencias con diferentes sectores del pa\u00eds.<\/p>\n\n\n\n<p>&nbsp;\u00abLe abrimos las compuertas, nosotros, siempre lo repito, estas cosas hay que decirla una y un mill\u00f3n de veces\u00bb, enfatiz\u00f3.<\/p>\n\n\n\n<p><br>El presidente destac\u00f3 que la comisi\u00f3n recibi\u00f3 \u00abtreinta y tres mil propuestas para la constituci\u00f3n (\u2026) a pesar de que no hab\u00eda estos sistema digitales de inteligencia artificial, nada eso exist\u00eda, todas, absolutamente todas se procesaron\u00bb.<\/p>\n\n\n\n<p>Este esfuerzo culmin\u00f3 en una gran obra: \u00abesa gran obra result\u00f3 ser la Constituci\u00f3n de la Rep\u00fablica Bolivariana de Venezuela\u00bb, subray\u00f3.<br><br>\u00abEl pueblo nos dio seis meses, por refer\u00e9ndum\u00bb, record\u00f3 el presidente Maduro, quien resalt\u00f3 que la constituyente se instal\u00f3 el 3 de agosto 1998 y entreg\u00f3 el documento final en octubre.<\/p>\n\n\n\n<p>\u00abPor primera vez en la historia a la directiva de la Asamblea Nacional para que finales de octubre se procesara, se imprimieran y se convocara el refer\u00e9ndum para su aprobaci\u00f3n\u00bb, explic\u00f3.<\/p>\n\n\n\n<p><br><br>Maduro tambi\u00e9n subray\u00f3 que el m\u00e9todo fue ideado por el comandante Ch\u00e1vez entre 1994 y 1997 y perfeccionado entre 1997 y 1998 como principal oferta de campa\u00f1a.<\/p>\n\n\n\n<p>\u00abNo se ha escrito esas historias; alguien tendr\u00e1 que escribirla\u00bb, dijo, refiri\u00e9ndose a los debates sobre soberan\u00eda nacional, democracia y derechos sociales que marcaron el proceso.<\/p>\n\n\n\n<p><br>Finalmente, destac\u00f3 el papel crucial del comandante Ch\u00e1vez como \u00abgran conductor, gran estratega y gran l\u00edder\u00bb que tuvo las riendas del proceso popular constituyente.<\/p>\n\n\n\n<p>\u00abLa victoria de mil novecientos noventa y nueve fue la victoria de \u00e9l, de su conducci\u00f3n y su liderazgo\u00bb, resalt\u00f3.<\/p>\n\n\n\n<p><strong>Prensa Presidencial \/ Eduardo Hueck<\/strong><\/p>\n","protected":false},"excerpt":{"rendered":"<p>Palacio Federal Legislativo, Caracas.- Durante una reuni\u00f3n con la Comisi\u00f3n Nacional Amplia, destinada a discutir la propuesta de Reforma Constitucional presentada el pasado 15 de febrero ante la Asamblea Nacional, el presidente Nicol\u00e1s Maduro, reflexion\u00f3 sobre el proceso constituyente de 1999, al enfatizar las significativas diferencias en las oportunidades comunicacionales que ofrece este siglo XXI [&hellip;]<\/p>\n","protected":false},"author":1,"featured_media":17517,"comment_status":"open","ping_status":"open","sticky":false,"template":"","format":"standard","meta":{"footnotes":""},"categories":[18,7],"tags":[1382,451],"class_list":["post-17516","post","type-post","status-publish","format-standard","has-post-thumbnail","hentry","category-noticias-principales","category-notas-de-prensa","tag-informar","tag-pueblo"],"_links":{"self":[{"href":"https:\/\/prensapresidencialvenezuela.gob.ve\/index.php\/wp-json\/wp\/v2\/posts\/17516","targetHints":{"allow":["GET"]}}],"collection":[{"href":"https:\/\/prensapresidencialvenezuela.gob.ve\/index.php\/wp-json\/wp\/v2\/posts"}],"about":[{"href":"https:\/\/prensapresidencialvenezuela.gob.ve\/index.php\/wp-json\/wp\/v2\/types\/post"}],"author":[{"embeddable":true,"href":"https:\/\/prensapresidencialvenezuela.gob.ve\/index.php\/wp-json\/wp\/v2\/users\/1"}],"replies":[{"embeddable":true,"href":"https:\/\/prensapresidencialvenezuela.gob.ve\/index.php\/wp-json\/wp\/v2\/comments?post=17516"}],"version-history":[{"count":1,"href":"https:\/\/prensapresidencialvenezuela.gob.ve\/index.php\/wp-json\/wp\/v2\/posts\/17516\/revisions"}],"predecessor-version":[{"id":17518,"href":"https:\/\/prensapresidencialvenezuela.gob.ve\/index.php\/wp-json\/wp\/v2\/posts\/17516\/revisions\/17518"}],"wp:featuredmedia":[{"embeddable":true,"href":"https:\/\/prensapresidencialvenezuela.gob.ve\/index.php\/wp-json\/wp\/v2\/media\/17517"}],"wp:attachment":[{"href":"https:\/\/prensapresidencialvenezuela.gob.ve\/index.php\/wp-json\/wp\/v2\/media?parent=17516"}],"wp:term":[{"taxonomy":"category","embeddable":true,"href":"https:\/\/prensapresidencialvenezuela.gob.ve\/index.php\/wp-json\/wp\/v2\/categories?post=17516"},{"taxonomy":"post_tag","embeddable":true,"href":"https:\/\/prensapresidencialvenezuela.gob.ve\/index.php\/wp-json\/wp\/v2\/tags?post=17516"}],"curies":[{"name":"wp","href":"https:\/\/api.w.org\/{rel}","templated":true}]}}