{"id":17519,"date":"2025-02-20T19:07:41","date_gmt":"2025-02-20T23:07:41","guid":{"rendered":"https:\/\/prensapresidencialvenezuela.gob.ve\/?p=17519"},"modified":"2025-02-20T19:07:42","modified_gmt":"2025-02-20T23:07:42","slug":"taller-de-alto-nivel-del-gobierno-popular-activa-a-mas-de-5-mil-circuitos-comunales","status":"publish","type":"post","link":"https:\/\/prensapresidencialvenezuela.gob.ve\/index.php\/2025\/02\/20\/taller-de-alto-nivel-del-gobierno-popular-activa-a-mas-de-5-mil-circuitos-comunales\/","title":{"rendered":"Taller de Alto Nivel del Gobierno Popular activa a m\u00e1s de 5 mil circuitos comunales"},"content":{"rendered":"\n<p><strong>La Carlota, estado Miranda.-<\/strong> El presidente de la Rep\u00fablica Bolivariana de Venezuela, Nicol\u00e1s Maduro, participa en el Taller de Alto Nivel del Gobierno Popular, un espacio estrat\u00e9gico que re\u00fane a representantes de m\u00e1s de 5 mil circuitos comunales en La Carlota, estado Miranda.<\/p>\n\n\n\n<p>La actividad, instalada este jueves por la vicepresidenta Ejecutiva, Delcy Rodr\u00edguez, dirigido a funcionarios p\u00fablicos, directores de l\u00ednea de gobernaciones y alcald\u00edas, comunas y circuitos comunales, tambi\u00e9n incluir\u00e1 una agenda con gabinetes populares y comunales durante los d\u00edas 24, 25 y 26 del presente mes, lo cual permitir\u00e1 la construcci\u00f3n del Estado comunal, tal y como lo propuso el presidente de la Rep\u00fablica Bolivariana de Venezuela, Nicol\u00e1s Maduro.<\/p>\n\n\n\n<p>&nbsp;Este taller forma parte de las 7 Transformaciones impulsadas por el jefe de Estado, orientadas a dinamizar los motores econ\u00f3micos productivos del pa\u00eds y a profundizar las cuatro l\u00edneas de la Reforma Constitucional.<\/p>\n\n\n\n<p>Durante su instalaci\u00f3n, Rodr\u00edguez destac\u00f3 que el evento representa un paso decisivo para consolidar el Poder Popular y superar los desaf\u00edos hist\u00f3ricos que ha enfrentado la Naci\u00f3n.\u00a0<\/p>\n\n\n\n<p><strong>&nbsp;Las 7 Transformaciones: una hoja de ruta para la nueva Venezuela&nbsp;<\/strong><\/p>\n\n\n\n<p>&nbsp;1.\u2060 \u2060Transformaci\u00f3n econ\u00f3mica: El presidente Maduro propone superar el modelo rentista y parasitario, sustituy\u00e9ndolo por una econom\u00eda productiva y diversificada. Esta primera transformaci\u00f3n busca consolidar la independencia econ\u00f3mica frente a las agresiones imperialistas y la guerra econ\u00f3mica que ha afectado al pa\u00eds.&nbsp;<\/p>\n\n\n\n<p>&nbsp;2.\u2060 \u2060Acceso a servicios y derechos colectivos: La segunda transformaci\u00f3n se enfoca en garantizar el acceso universal a servicios b\u00e1sicos y en construir ciudades humanas que promuevan el buen vivir, priorizando los derechos colectivos sobre los intereses individuales.&nbsp;<\/p>\n\n\n\n<p>&nbsp;3.\u2060 \u2060Seguridad, defensa y paz: La tercera transformaci\u00f3n resalta la defensa activa de la soberan\u00eda nacional frente al fascismo y el imperialismo tecnol\u00f3gico. El pueblo venezolano ha demostrado su capacidad para proteger la paz y la integridad territorial.&nbsp;<\/p>\n\n\n\n<p>&nbsp;4.\u2060 \u2060Engranaje social: Las misiones y grandes misiones se consolidan como herramientas para fortalecer el sistema de protecci\u00f3n social y la organizaci\u00f3n pol\u00edtica basada en la participaci\u00f3n popular.&nbsp;&nbsp;<\/p>\n\n\n\n<p>&nbsp;5.\u2060 \u2060Poder Popular y comunas: La quinta transformaci\u00f3n se materializa en la creaci\u00f3n de la sala de comunas y circuitos comunales, un espacio para articular acciones que consoliden el Poder Popular y avancen hacia la Reforma Constitucional.&nbsp;<\/p>\n\n\n\n<p>&nbsp;6.\u2060 Independencia tecnol\u00f3gica: Romper con las dependencias tecnol\u00f3gicas impuestas por el imperialismo es el eje de la sexta transformaci\u00f3n, que busca fortalecer la autonom\u00eda nacional en este \u00e1mbito estrat\u00e9gico.&nbsp;<\/p>\n\n\n\n<p>7.\u2060 \u2060Nueva geopol\u00edtica: La s\u00e9ptima transformaci\u00f3n promueve alianzas internacionales basadas en la paz y el desarrollo compartido, construyendo anillos protectores que fortalezcan la soberan\u00eda de Venezuela y sus socios estrat\u00e9gicos.&nbsp;&nbsp;<\/p>\n\n\n\n<p><strong>Jornadas de planificaci\u00f3n y seguimiento<\/strong><\/p>\n\n\n\n<p>&nbsp;En palabras de la vicepresidenta Ejecutiva, Delcy Rodriguez, las jornadas de trabajo se activar\u00e1n a partir del 24 de febrero, con la participaci\u00f3n de los gabinetes sectoriales y los circuitos comunales.<\/p>\n\n\n\n<p>&nbsp;A trav\u00e9s del Sistema Patria, VenApp y el seguimiento de los Comit\u00e9s&nbsp; Locales de Abastecimiento y Producci\u00f3n (CLAP) , se monitorear\u00e1n los proyectos aprobados y los financiamientos destinados a las comunidades.&nbsp;<\/p>\n\n\n\n<p>&nbsp;\u00abEstamos pariendo una nueva Patria, un Estado comunal y popular. Dejemos atr\u00e1s la burocracia y construyamos juntos el futuro\u00bb, afirm\u00f3 Rodr\u00edguez durante su intervenci\u00f3n.&nbsp;<\/p>\n\n\n\n<p>&nbsp;Del 27 de febrero al 23 de marzo se realizar\u00e1n las jornadas de planificaci\u00f3n popular, basadas en las necesidades directas del pa\u00eds.<\/p>\n\n\n\n<p>&nbsp;En este contexto, el Taller de Alto Nivel del Gobierno Popular se erige como un espacio crucial para la construcci\u00f3n de un futuro pr\u00f3spero y solidario para Venezuela, bajo el liderazgo del presidente Nicol\u00e1s Maduro.<\/p>\n\n\n\n<p><strong>&nbsp;Prensa Presidencial\/ Luis Tavera<\/strong><\/p>\n","protected":false},"excerpt":{"rendered":"<p>La Carlota, estado Miranda.- El presidente de la Rep\u00fablica Bolivariana de Venezuela, Nicol\u00e1s Maduro, participa en el Taller de Alto Nivel del Gobierno Popular, un espacio estrat\u00e9gico que re\u00fane a representantes de m\u00e1s de 5 mil circuitos comunales en La Carlota, estado Miranda. La actividad, instalada este jueves por la vicepresidenta Ejecutiva, Delcy Rodr\u00edguez, dirigido [&hellip;]<\/p>\n","protected":false},"author":1,"featured_media":17520,"comment_status":"open","ping_status":"open","sticky":false,"template":"","format":"standard","meta":{"footnotes":""},"categories":[18,7],"tags":[30,38,19,27,20],"class_list":["post-17519","post","type-post","status-publish","format-standard","has-post-thumbnail","hentry","category-noticias-principales","category-notas-de-prensa","tag-destacado","tag-diplomacia-bolivariana-de-paz","tag-nicolas-maduro","tag-revolucion-bolivariana","tag-venezuela"],"_links":{"self":[{"href":"https:\/\/prensapresidencialvenezuela.gob.ve\/index.php\/wp-json\/wp\/v2\/posts\/17519","targetHints":{"allow":["GET"]}}],"collection":[{"href":"https:\/\/prensapresidencialvenezuela.gob.ve\/index.php\/wp-json\/wp\/v2\/posts"}],"about":[{"href":"https:\/\/prensapresidencialvenezuela.gob.ve\/index.php\/wp-json\/wp\/v2\/types\/post"}],"author":[{"embeddable":true,"href":"https:\/\/prensapresidencialvenezuela.gob.ve\/index.php\/wp-json\/wp\/v2\/users\/1"}],"replies":[{"embeddable":true,"href":"https:\/\/prensapresidencialvenezuela.gob.ve\/index.php\/wp-json\/wp\/v2\/comments?post=17519"}],"version-history":[{"count":1,"href":"https:\/\/prensapresidencialvenezuela.gob.ve\/index.php\/wp-json\/wp\/v2\/posts\/17519\/revisions"}],"predecessor-version":[{"id":17521,"href":"https:\/\/prensapresidencialvenezuela.gob.ve\/index.php\/wp-json\/wp\/v2\/posts\/17519\/revisions\/17521"}],"wp:featuredmedia":[{"embeddable":true,"href":"https:\/\/prensapresidencialvenezuela.gob.ve\/index.php\/wp-json\/wp\/v2\/media\/17520"}],"wp:attachment":[{"href":"https:\/\/prensapresidencialvenezuela.gob.ve\/index.php\/wp-json\/wp\/v2\/media?parent=17519"}],"wp:term":[{"taxonomy":"category","embeddable":true,"href":"https:\/\/prensapresidencialvenezuela.gob.ve\/index.php\/wp-json\/wp\/v2\/categories?post=17519"},{"taxonomy":"post_tag","embeddable":true,"href":"https:\/\/prensapresidencialvenezuela.gob.ve\/index.php\/wp-json\/wp\/v2\/tags?post=17519"}],"curies":[{"name":"wp","href":"https:\/\/api.w.org\/{rel}","templated":true}]}}