{"id":17522,"date":"2025-02-20T19:47:19","date_gmt":"2025-02-20T23:47:19","guid":{"rendered":"https:\/\/prensapresidencialvenezuela.gob.ve\/?p=17522"},"modified":"2025-02-20T19:49:06","modified_gmt":"2025-02-20T23:49:06","slug":"gobierno-bolivariano-crea-guia-de-instalacion-y-funcionamiento-de-la-sala-nacional-del-sistema-de-gobierno-popular","status":"publish","type":"post","link":"https:\/\/prensapresidencialvenezuela.gob.ve\/index.php\/2025\/02\/20\/gobierno-bolivariano-crea-guia-de-instalacion-y-funcionamiento-de-la-sala-nacional-del-sistema-de-gobierno-popular\/","title":{"rendered":"Gobierno Bolivariano crea Gu\u00eda de Instalaci\u00f3n y Funcionamiento de la Sala Nacional del Sistema de Gobierno Popular"},"content":{"rendered":"\n<p><strong>La Carlota, estado Miranda.-<\/strong>\u00a0 Desde el Centro de Convenciones \u00abParque Sim\u00f3n Bol\u00edvar \u00bb, el presidente de la Rep\u00fablica Bolivariana de Venezuela, Nicol\u00e1s Maduro Moros, anunci\u00f3 la creaci\u00f3n de la Gu\u00eda de\u00a0 Instalaci\u00f3n y Funcionamiento de la Sala Nacional del Sistema de Gobierno Popular, con el\u00a0 objetivo principal de mantener una conexi\u00f3n directa en todos los estados del pa\u00eds, para emitir una ofensiva nacional y avanzar en pro del bienestar de los venezolanos.<\/p>\n\n\n\n<p>Esta informaci\u00f3n fue suministrada durante la instalaci\u00f3n del Taller de Alto Nivel del Gobierno Popular, en donde resalt\u00f3 que m\u00e1s de m\u00e1s de 5 mil&nbsp; 338 Circuitos Comunales se encuentran en el territorio, y m\u00e1s de 48 mil Consejos Comunales de base est\u00e1n representando a millones de familias.<\/p>\n\n\n\n<p>Asimismo, indic\u00f3 que a partir de hoy cada Consejo Comunal contar\u00e1 con sus Salas de Autogobierno, en aras de mantener un Poder Popular concentrado en el territorio, ya que con este documento creado, se impulsa el punto de partida de la auto transformaci\u00f3n.<\/p>\n\n\n\n<p>\u00abHemos avanzado en el concepto de la construcci\u00f3n de un nuevo Estado popular, democr\u00e1tico, de planificaci\u00f3n y de gobierno directo con el Poder Popular\u00bb, puntualiz\u00f3 el jefe de Estado.&nbsp;<\/p>\n\n\n\n<p>El Mandatario venezolano subray\u00f3 que con este taller se va sellando la pauta y los caminos para lanzar la ofensiva simult\u00e1nea con el Plan de las 7T que va a marcar el periodo de 6 a\u00f1os, y del Plan de la Patria que fue escrito por el pu\u00f1o y letra del Comandante Ch\u00e1vez&nbsp; en el 2012.<\/p>\n\n\n\n<p><strong>En este contexto, el Dignatario instruy\u00f3 lo siguiente:\u00a0<\/strong><\/p>\n\n\n\n<p>Primer lugar: que los trabajadores (as)&nbsp; de todos los \u00f3rganos&nbsp; de la administraci\u00f3n central se vayan al territorio a trabajar y a debatir con el pueblo el Plan de las 7T,&nbsp; y a su vez, elaborar el plan de acci\u00f3n y agenda concreta.<\/p>\n\n\n\n<p>Segundo lugar: avanzar en la conformaci\u00f3n de Gabinetes Comunales, para que en el territorio se construyan los gobiernos populares.<\/p>\n\n\n\n<p>Por otra parte, acot\u00f3 que estas salas son centros de mando de todas las pol\u00edticas, del gobierno, de todas las grandes misiones, del 1&#215;10 del Buen Gobierno y de la articulaci\u00f3n nacional con todo el poder popular territorial.<\/p>\n\n\n\n<p><strong>Prensa Presidencial\/Irmary D\u00edaz<\/strong><\/p>\n","protected":false},"excerpt":{"rendered":"<p>La Carlota, estado Miranda.-\u00a0 Desde el Centro de Convenciones \u00abParque Sim\u00f3n Bol\u00edvar \u00bb, el presidente de la Rep\u00fablica Bolivariana de Venezuela, Nicol\u00e1s Maduro Moros, anunci\u00f3 la creaci\u00f3n de la Gu\u00eda de\u00a0 Instalaci\u00f3n y Funcionamiento de la Sala Nacional del Sistema de Gobierno Popular, con el\u00a0 objetivo principal de mantener una conexi\u00f3n directa en todos los [&hellip;]<\/p>\n","protected":false},"author":1,"featured_media":17526,"comment_status":"open","ping_status":"open","sticky":false,"template":"","format":"standard","meta":{"footnotes":""},"categories":[18,7],"tags":[38,19,27,20],"class_list":["post-17522","post","type-post","status-publish","format-standard","has-post-thumbnail","hentry","category-noticias-principales","category-notas-de-prensa","tag-diplomacia-bolivariana-de-paz","tag-nicolas-maduro","tag-revolucion-bolivariana","tag-venezuela"],"_links":{"self":[{"href":"https:\/\/prensapresidencialvenezuela.gob.ve\/index.php\/wp-json\/wp\/v2\/posts\/17522","targetHints":{"allow":["GET"]}}],"collection":[{"href":"https:\/\/prensapresidencialvenezuela.gob.ve\/index.php\/wp-json\/wp\/v2\/posts"}],"about":[{"href":"https:\/\/prensapresidencialvenezuela.gob.ve\/index.php\/wp-json\/wp\/v2\/types\/post"}],"author":[{"embeddable":true,"href":"https:\/\/prensapresidencialvenezuela.gob.ve\/index.php\/wp-json\/wp\/v2\/users\/1"}],"replies":[{"embeddable":true,"href":"https:\/\/prensapresidencialvenezuela.gob.ve\/index.php\/wp-json\/wp\/v2\/comments?post=17522"}],"version-history":[{"count":1,"href":"https:\/\/prensapresidencialvenezuela.gob.ve\/index.php\/wp-json\/wp\/v2\/posts\/17522\/revisions"}],"predecessor-version":[{"id":17525,"href":"https:\/\/prensapresidencialvenezuela.gob.ve\/index.php\/wp-json\/wp\/v2\/posts\/17522\/revisions\/17525"}],"wp:featuredmedia":[{"embeddable":true,"href":"https:\/\/prensapresidencialvenezuela.gob.ve\/index.php\/wp-json\/wp\/v2\/media\/17526"}],"wp:attachment":[{"href":"https:\/\/prensapresidencialvenezuela.gob.ve\/index.php\/wp-json\/wp\/v2\/media?parent=17522"}],"wp:term":[{"taxonomy":"category","embeddable":true,"href":"https:\/\/prensapresidencialvenezuela.gob.ve\/index.php\/wp-json\/wp\/v2\/categories?post=17522"},{"taxonomy":"post_tag","embeddable":true,"href":"https:\/\/prensapresidencialvenezuela.gob.ve\/index.php\/wp-json\/wp\/v2\/tags?post=17522"}],"curies":[{"name":"wp","href":"https:\/\/api.w.org\/{rel}","templated":true}]}}