{"id":17527,"date":"2025-02-20T20:19:50","date_gmt":"2025-02-21T00:19:50","guid":{"rendered":"https:\/\/prensapresidencialvenezuela.gob.ve\/?p=17527"},"modified":"2025-02-20T20:19:52","modified_gmt":"2025-02-21T00:19:52","slug":"presidente-maduro-anuncia-reconfiguracion-del-sistema-patria","status":"publish","type":"post","link":"https:\/\/prensapresidencialvenezuela.gob.ve\/index.php\/2025\/02\/20\/presidente-maduro-anuncia-reconfiguracion-del-sistema-patria\/","title":{"rendered":"Presidente Maduro anuncia reconfiguraci\u00f3n del Sistema Patria"},"content":{"rendered":"\n<p><strong>La Carlota, estado Miranda.-\u00a0<\/strong> En pro del fortalecimiento e impulso del Estado comunal y de las pol\u00edticas del Estado para el pueblo, el presidente de la Rep\u00fablica Bolivariana de Venezuela, Nicol\u00e1s Maduro Moros, anunci\u00f3 la reconfiguraci\u00f3n del Sistema Patria.<\/p>\n\n\n\n<p>En este sentido, el Presidente se\u00f1al\u00f3 que esta acci\u00f3n es con la finalidad de mejorar, ampliar y hacerlo llegar a los realmente vulnerables, adem\u00e1s de garantizar que el&nbsp; sistema de distribuci\u00f3n de combustible, los Comit\u00e9s Locales de Abastecimiento y Producci\u00f3n (CLAP), el Programa de Alimentaci\u00f3n Escolar (PAE), los conucos productivos y los mercados de cielo abierto avancen en cada uno de sus espacios.&nbsp;<\/p>\n\n\n\n<p>En este orden de ideas, el jefe de Estado reiter\u00f3 que con las salas de autogobierno se mantendr\u00e1&nbsp; el monitoreo de cada uno de los planes sociales, la labor que efect\u00faa el 1&#215;10 del Buen Gobierno y de todos los programas que ofrece el Estado al pueblo venezolano.<\/p>\n\n\n\n<p>Es de inter\u00e9s informar que para acceder al sistema cada venezolano cuenta con un usuario y Carnet de la Patria, que es un documento que incluye un c\u00f3digo QR \u00fanico personalizado.<\/p>\n\n\n\n<p>Este&nbsp; fue creado con el objetivo de conocer el estatus socioecon\u00f3mico de la poblaci\u00f3n y agilizar el sistema de las misiones bolivarianas y el de los comit\u00e9s locales de abastecimiento y producci\u00f3n (CLAP).<\/p>\n\n\n\n<p><strong>Prensa Presidencial\/Irmary D\u00edaz<\/strong><\/p>\n","protected":false},"excerpt":{"rendered":"<p>La Carlota, estado Miranda.-\u00a0 En pro del fortalecimiento e impulso del Estado comunal y de las pol\u00edticas del Estado para el pueblo, el presidente de la Rep\u00fablica Bolivariana de Venezuela, Nicol\u00e1s Maduro Moros, anunci\u00f3 la reconfiguraci\u00f3n del Sistema Patria. En este sentido, el Presidente se\u00f1al\u00f3 que esta acci\u00f3n es con la finalidad de mejorar, ampliar [&hellip;]<\/p>\n","protected":false},"author":1,"featured_media":17528,"comment_status":"open","ping_status":"open","sticky":false,"template":"","format":"standard","meta":{"footnotes":""},"categories":[18,7],"tags":[30,19,27,20],"class_list":["post-17527","post","type-post","status-publish","format-standard","has-post-thumbnail","hentry","category-noticias-principales","category-notas-de-prensa","tag-destacado","tag-nicolas-maduro","tag-revolucion-bolivariana","tag-venezuela"],"_links":{"self":[{"href":"https:\/\/prensapresidencialvenezuela.gob.ve\/index.php\/wp-json\/wp\/v2\/posts\/17527","targetHints":{"allow":["GET"]}}],"collection":[{"href":"https:\/\/prensapresidencialvenezuela.gob.ve\/index.php\/wp-json\/wp\/v2\/posts"}],"about":[{"href":"https:\/\/prensapresidencialvenezuela.gob.ve\/index.php\/wp-json\/wp\/v2\/types\/post"}],"author":[{"embeddable":true,"href":"https:\/\/prensapresidencialvenezuela.gob.ve\/index.php\/wp-json\/wp\/v2\/users\/1"}],"replies":[{"embeddable":true,"href":"https:\/\/prensapresidencialvenezuela.gob.ve\/index.php\/wp-json\/wp\/v2\/comments?post=17527"}],"version-history":[{"count":1,"href":"https:\/\/prensapresidencialvenezuela.gob.ve\/index.php\/wp-json\/wp\/v2\/posts\/17527\/revisions"}],"predecessor-version":[{"id":17529,"href":"https:\/\/prensapresidencialvenezuela.gob.ve\/index.php\/wp-json\/wp\/v2\/posts\/17527\/revisions\/17529"}],"wp:featuredmedia":[{"embeddable":true,"href":"https:\/\/prensapresidencialvenezuela.gob.ve\/index.php\/wp-json\/wp\/v2\/media\/17528"}],"wp:attachment":[{"href":"https:\/\/prensapresidencialvenezuela.gob.ve\/index.php\/wp-json\/wp\/v2\/media?parent=17527"}],"wp:term":[{"taxonomy":"category","embeddable":true,"href":"https:\/\/prensapresidencialvenezuela.gob.ve\/index.php\/wp-json\/wp\/v2\/categories?post=17527"},{"taxonomy":"post_tag","embeddable":true,"href":"https:\/\/prensapresidencialvenezuela.gob.ve\/index.php\/wp-json\/wp\/v2\/tags?post=17527"}],"curies":[{"name":"wp","href":"https:\/\/api.w.org\/{rel}","templated":true}]}}