{"id":17530,"date":"2025-02-20T20:51:32","date_gmt":"2025-02-21T00:51:32","guid":{"rendered":"https:\/\/prensapresidencialvenezuela.gob.ve\/?p=17530"},"modified":"2025-02-20T22:58:47","modified_gmt":"2025-02-21T02:58:47","slug":"presidente-instruye-recuperar-y-embellecer-los-bloques-de-edificios-en-el-pais","status":"publish","type":"post","link":"https:\/\/prensapresidencialvenezuela.gob.ve\/index.php\/2025\/02\/20\/presidente-instruye-recuperar-y-embellecer-los-bloques-de-edificios-en-el-pais\/","title":{"rendered":"Presidente instruye recuperar y embellecer edificios en el pa\u00eds"},"content":{"rendered":"\n<p><strong>Palacio de Miraflores, Caracas.-<\/strong> El presidente de la Rep\u00fablica Bolivariana de Venezuela, Nicol\u00e1s Maduro, enfatiz\u00f3 la necesidad de recuperar y embellecer los bloques de edificios en el pa\u00eds, tras felicitar el esfuerzo de embellecimiento y rehabilitaci\u00f3n del conjunto residencial \u00abQueseras del Medio\u00bb, ubicado en la parroquia Caricuao.<\/p>\n\n\n\n<p>\u00abQu\u00e9 bellos quedaron eso bloques all\u00e1 en Caricuao, vale. Mi saludo, Caricuao, tenemos que poner pepito todos los edificios del pa\u00eds, recuperar los de antigua data, recuperar los de nueva data y crear esa conciencia de mantenimiento, de arreglo, de belleza, de comunidad. \u00a1Bello, vale! Y el florecimiento de la participaci\u00f3n de los vecinos. Qu\u00e9 hermoso, de verdad, muy hermoso y el amor de la gente\u00bb, expres\u00f3.<\/p>\n\n\n\n<p>Esta iniciativa se enmarca dentro del programa \u00abJuntos Todo Es Posible\u00bb, impulsado por el presidente Nicol\u00e1s Maduro, que busca mejorar la calidad de vida de los caraque\u00f1os.<\/p>\n\n\n\n<p>La rehabilitaci\u00f3n abarc\u00f3 un total de ocho edificios, con trabajos que incluyeron la renovaci\u00f3n de fachadas, pintura, impermeabilizaci\u00f3n, revestimiento de hidroneum\u00e1tico y la mejora de cuartos de basura. Adem\u00e1s, se realiz\u00f3 asfaltado y rayado para estacionamiento, rehabilitaci\u00f3n de ascensores, colocaci\u00f3n de grama artificial y mejoras en las caminer\u00edas y postes de luminarias.<\/p>\n\n\n\n<p>Tambi\u00e9n se llevaron a cabo obras en el muro de contenci\u00f3n y en los portones de acceso, as\u00ed como en la fachada del estacionamiento techado y las casetas de vigilancia.<\/p>\n\n\n\n<p><strong>Prensa Presidencial Eduardo Hueck<\/strong><\/p>\n","protected":false},"excerpt":{"rendered":"<p>Palacio de Miraflores, Caracas.- El presidente de la Rep\u00fablica Bolivariana de Venezuela, Nicol\u00e1s Maduro, enfatiz\u00f3 la necesidad de recuperar y embellecer los bloques de edificios en el pa\u00eds, tras felicitar el esfuerzo de embellecimiento y rehabilitaci\u00f3n del conjunto residencial \u00abQueseras del Medio\u00bb, ubicado en la parroquia Caricuao. \u00abQu\u00e9 bellos quedaron eso bloques all\u00e1 en Caricuao, [&hellip;]<\/p>\n","protected":false},"author":1,"featured_media":17559,"comment_status":"open","ping_status":"open","sticky":false,"template":"","format":"standard","meta":{"footnotes":""},"categories":[18,7],"tags":[30,19,27,20],"class_list":["post-17530","post","type-post","status-publish","format-standard","has-post-thumbnail","hentry","category-noticias-principales","category-notas-de-prensa","tag-destacado","tag-nicolas-maduro","tag-revolucion-bolivariana","tag-venezuela"],"_links":{"self":[{"href":"https:\/\/prensapresidencialvenezuela.gob.ve\/index.php\/wp-json\/wp\/v2\/posts\/17530","targetHints":{"allow":["GET"]}}],"collection":[{"href":"https:\/\/prensapresidencialvenezuela.gob.ve\/index.php\/wp-json\/wp\/v2\/posts"}],"about":[{"href":"https:\/\/prensapresidencialvenezuela.gob.ve\/index.php\/wp-json\/wp\/v2\/types\/post"}],"author":[{"embeddable":true,"href":"https:\/\/prensapresidencialvenezuela.gob.ve\/index.php\/wp-json\/wp\/v2\/users\/1"}],"replies":[{"embeddable":true,"href":"https:\/\/prensapresidencialvenezuela.gob.ve\/index.php\/wp-json\/wp\/v2\/comments?post=17530"}],"version-history":[{"count":3,"href":"https:\/\/prensapresidencialvenezuela.gob.ve\/index.php\/wp-json\/wp\/v2\/posts\/17530\/revisions"}],"predecessor-version":[{"id":17540,"href":"https:\/\/prensapresidencialvenezuela.gob.ve\/index.php\/wp-json\/wp\/v2\/posts\/17530\/revisions\/17540"}],"wp:featuredmedia":[{"embeddable":true,"href":"https:\/\/prensapresidencialvenezuela.gob.ve\/index.php\/wp-json\/wp\/v2\/media\/17559"}],"wp:attachment":[{"href":"https:\/\/prensapresidencialvenezuela.gob.ve\/index.php\/wp-json\/wp\/v2\/media?parent=17530"}],"wp:term":[{"taxonomy":"category","embeddable":true,"href":"https:\/\/prensapresidencialvenezuela.gob.ve\/index.php\/wp-json\/wp\/v2\/categories?post=17530"},{"taxonomy":"post_tag","embeddable":true,"href":"https:\/\/prensapresidencialvenezuela.gob.ve\/index.php\/wp-json\/wp\/v2\/tags?post=17530"}],"curies":[{"name":"wp","href":"https:\/\/api.w.org\/{rel}","templated":true}]}}