{"id":17534,"date":"2025-02-20T21:17:34","date_gmt":"2025-02-21T01:17:34","guid":{"rendered":"https:\/\/prensapresidencialvenezuela.gob.ve\/?p=17534"},"modified":"2025-02-20T21:17:35","modified_gmt":"2025-02-21T01:17:35","slug":"segunda-consulta-popular-nacional-se-realizara-el-proximo-27-de-abril","status":"publish","type":"post","link":"https:\/\/prensapresidencialvenezuela.gob.ve\/index.php\/2025\/02\/20\/segunda-consulta-popular-nacional-se-realizara-el-proximo-27-de-abril\/","title":{"rendered":"Segunda Consulta Popular Nacional se realizar\u00e1 el pr\u00f3ximo 27 de abril"},"content":{"rendered":"\n<p><strong>La Carlota, estado Miranda.-<\/strong> La segunda Consulta Popular Nacional del 2025 se efectuar\u00e1 el pr\u00f3ximo 27 de abril, para la elecci\u00f3n de los proyectos comunitarios que se ejecutar\u00e1n en los 5 mil 338 circuitos comunales del pa\u00eds, as\u00ed lo inform\u00f3 el presidente de la Rep\u00fablica Bolivariana de Venezuela, Nicol\u00e1s Maduro Moros.<\/p>\n\n\n\n<p>Asimismo, comunic\u00f3, sobre la base de la primera etapa de los proyectos que se eligieron en la consulta del pasado 2 de febrero, que ya se han depositado los recursos al 30% de los Circuitos Comunales, y al tiempo, acot\u00f3 que en los d\u00edas siguientes se va a completar el 70% restante, para as\u00ed cumplir con el 100% de lo estipulado.<\/p>\n\n\n\n<p>En este sentido, el jefe de Estado rememor\u00f3 un pensamiento del Comandante Ch\u00e1vez del 2002-2003, en el que hac\u00eda alusi\u00f3n al poder de las comunas, se\u00f1alando que: \u00ab tenemos que acercarnos a una acumulaci\u00f3n de fuerza espiritual, pol\u00edtica, social y popular\u00bb.<\/p>\n\n\n\n<p>\u00abHemos descubierto la mina, m\u00e1s grande riqueza que pudiera encontrar un pa\u00eds, y esa mina es el poder creativo de los vecinos, el poder comunal, el poder construyente hacia el futuro, con las cuatro consultas anuales\u00bb, asever\u00f3 el Mandatario como referencia a las elecciones de los proyectos que se elegir\u00e1n en todos los circuitos.<\/p>\n\n\n\n<p>Con estas consultas se resalta la&nbsp; importancia de que todas las instancias del Gobierno Bolivariano se involucren con el Poder Popular para ayudar, mejorar y simplificar con eficiencia y eficacia cada proyecto de las comunas,&nbsp; adem\u00e1s del acompa\u00f1amiento en el proceso que permita paulatinamente que todos los circuitos comunales se constituyan definitivamente como comunas consolidadas.<\/p>\n\n\n\n<p><strong>Prensa Presidencial\/Irmary D\u00edaz<\/strong><\/p>\n","protected":false},"excerpt":{"rendered":"<p>La Carlota, estado Miranda.- La segunda Consulta Popular Nacional del 2025 se efectuar\u00e1 el pr\u00f3ximo 27 de abril, para la elecci\u00f3n de los proyectos comunitarios que se ejecutar\u00e1n en los 5 mil 338 circuitos comunales del pa\u00eds, as\u00ed lo inform\u00f3 el presidente de la Rep\u00fablica Bolivariana de Venezuela, Nicol\u00e1s Maduro Moros. Asimismo, comunic\u00f3, sobre la [&hellip;]<\/p>\n","protected":false},"author":1,"featured_media":17537,"comment_status":"open","ping_status":"open","sticky":false,"template":"","format":"standard","meta":{"footnotes":""},"categories":[18,7],"tags":[1383,672,1078],"class_list":["post-17534","post","type-post","status-publish","format-standard","has-post-thumbnail","hentry","category-noticias-principales","category-notas-de-prensa","tag-abril","tag-consulta","tag-popular"],"_links":{"self":[{"href":"https:\/\/prensapresidencialvenezuela.gob.ve\/index.php\/wp-json\/wp\/v2\/posts\/17534","targetHints":{"allow":["GET"]}}],"collection":[{"href":"https:\/\/prensapresidencialvenezuela.gob.ve\/index.php\/wp-json\/wp\/v2\/posts"}],"about":[{"href":"https:\/\/prensapresidencialvenezuela.gob.ve\/index.php\/wp-json\/wp\/v2\/types\/post"}],"author":[{"embeddable":true,"href":"https:\/\/prensapresidencialvenezuela.gob.ve\/index.php\/wp-json\/wp\/v2\/users\/1"}],"replies":[{"embeddable":true,"href":"https:\/\/prensapresidencialvenezuela.gob.ve\/index.php\/wp-json\/wp\/v2\/comments?post=17534"}],"version-history":[{"count":1,"href":"https:\/\/prensapresidencialvenezuela.gob.ve\/index.php\/wp-json\/wp\/v2\/posts\/17534\/revisions"}],"predecessor-version":[{"id":17538,"href":"https:\/\/prensapresidencialvenezuela.gob.ve\/index.php\/wp-json\/wp\/v2\/posts\/17534\/revisions\/17538"}],"wp:featuredmedia":[{"embeddable":true,"href":"https:\/\/prensapresidencialvenezuela.gob.ve\/index.php\/wp-json\/wp\/v2\/media\/17537"}],"wp:attachment":[{"href":"https:\/\/prensapresidencialvenezuela.gob.ve\/index.php\/wp-json\/wp\/v2\/media?parent=17534"}],"wp:term":[{"taxonomy":"category","embeddable":true,"href":"https:\/\/prensapresidencialvenezuela.gob.ve\/index.php\/wp-json\/wp\/v2\/categories?post=17534"},{"taxonomy":"post_tag","embeddable":true,"href":"https:\/\/prensapresidencialvenezuela.gob.ve\/index.php\/wp-json\/wp\/v2\/tags?post=17534"}],"curies":[{"name":"wp","href":"https:\/\/api.w.org\/{rel}","templated":true}]}}