{"id":17545,"date":"2025-02-20T22:09:56","date_gmt":"2025-02-21T02:09:56","guid":{"rendered":"https:\/\/prensapresidencialvenezuela.gob.ve\/?p=17545"},"modified":"2025-02-20T23:20:40","modified_gmt":"2025-02-21T03:20:40","slug":"presidente-maduro-llama-a-la-reflexion-sobre-el-verdadero-caracter-de-los-lideres-y-lideresas-de-la-revolucion","status":"publish","type":"post","link":"https:\/\/prensapresidencialvenezuela.gob.ve\/index.php\/2025\/02\/20\/presidente-maduro-llama-a-la-reflexion-sobre-el-verdadero-caracter-de-los-lideres-y-lideresas-de-la-revolucion\/","title":{"rendered":"Presidente Maduro llama a la reflexi\u00f3n sobre el verdadero car\u00e1cter de los l\u00edderes y lideresas de la Revoluci\u00f3n"},"content":{"rendered":"\n<p><strong>La Carlota, estado Miranda.-<\/strong> durante su participaci\u00f3n en el Taller de Alto Nivel del Gobierno Popular, el presidente venezolano Nicol\u00e1s Maduro abord\u00f3 la importancia del desapego personal a la pol\u00edtica y la necesidad de centrarse en el pueblo.<\/p>\n\n\n\n<p>El Jefe de Estado expres\u00f3 su preocupaci\u00f3n por el ego en la pol\u00edtica, al se\u00f1alar que es \u00abel enemigo del revolucionario, el ego enemigo del ser humano\u00bb.<\/p>\n\n\n\n<p>En este sentido, hizo un llamado a \u00abaplicar la ley del desapego\u00bb y enfatiz\u00f3 que \u00abeso no es vida\u00bb.<\/p>\n\n\n\n<p>El Dignatario tras exhortar a aquellos que con ambici\u00f3n e individualismo buscan opciones ego\u00edstas, les record\u00f3 que \u00absin pueblo no somos nadie, sin pueblo no hay nada, no es nada la Rep\u00fablica, sin pueblo no hay revoluci\u00f3n\u00bb. Y a\u00f1adi\u00f3 la importancia de concentrarse en lo profundo que es el pueblo.<\/p>\n\n\n\n<p>El Mandatario inst\u00f3 a los verdaderos revolucionarios a desapegarse de \u00abambiciones personalistas, de maniobras grupalistas, de acciones divisionistas\u00bb.<\/p>\n\n\n\n<p>Adem\u00e1s, indic\u00f3 que \u00abel verdadero revolucionario, la verdadera revolucionaria tiene que tener el alma pura, abierta y estar listo o estar lista para ir a la trinchera que le toque, el d\u00eda que le toque, como le toque, cumplirle al pueblo dejar el pellejo por el pueblo\u00bb.<\/p>\n\n\n\n<p>Asimismo, se\u00f1al\u00f3 a aquellos que llegan al poder con intenciones ego\u00edstas: \u00abSon muy buenos para promocionarse y creen que la pol\u00edtica es pura pantalla\u00bb.<\/p>\n\n\n\n<p>En este contexto, anunci\u00f3 que se est\u00e1 elaborando un plan para transformar las gobernaciones y alcald\u00edas en Venezuela, y que est\u00e1 a cargo del vicepresidente sectorial del Socialismo Social y Territorial, H\u00e9ctor Rodr\u00edguez.<\/p>\n\n\n\n<p>\u00abYa me entreg\u00f3 el primer plan para en su momento presentar la transformaci\u00f3n de lo que llamamos gobernaciones y alcald\u00edas en Venezuela y voltearlas como unas medias, completicas, para ponerlas al servicio y obediencia del poder del pueblo\u00bb, subray\u00f3.<\/p>\n\n\n\n<p>Reiter\u00f3 en sus palabras que \u00abel \u00fanico rey, el \u00fanico emperador aqu\u00ed en la tierra, en Venezuela, el \u00fanico soberano es el pueblo humilde\u00bb.<\/p>\n\n\n\n<p>\u00ab(\u2026) Muchos llegan a gobernador o gobernadora a creerse reyecitos, peque\u00f1os emperadores y no reconocer que el \u00fanico rey, el \u00fanico emperador aqu\u00ed en la tierra, en Venezuela el \u00fanico soberano es el pueblo humilde, es la gente de a pie, la gente sencilla, que se la ha calado, que han luchado, que se han sacrificado en los a\u00f1o m\u00e1s duro para mantener a la Patria de pie\u00bb, sostuvo.<\/p>\n\n\n\n<p><strong>Prensa Presidencial \/ Eduardo Hueck<\/strong><\/p>\n","protected":false},"excerpt":{"rendered":"<p>La Carlota, estado Miranda.- durante su participaci\u00f3n en el Taller de Alto Nivel del Gobierno Popular, el presidente venezolano Nicol\u00e1s Maduro abord\u00f3 la importancia del desapego personal a la pol\u00edtica y la necesidad de centrarse en el pueblo. El Jefe de Estado expres\u00f3 su preocupaci\u00f3n por el ego en la pol\u00edtica, al se\u00f1alar que es [&hellip;]<\/p>\n","protected":false},"author":1,"featured_media":17546,"comment_status":"open","ping_status":"open","sticky":false,"template":"","format":"standard","meta":{"footnotes":""},"categories":[18,7],"tags":[1384,790,500],"class_list":["post-17545","post","type-post","status-publish","format-standard","has-post-thumbnail","hentry","category-noticias-principales","category-notas-de-prensa","tag-lideres","tag-lideresas","tag-revolucion"],"_links":{"self":[{"href":"https:\/\/prensapresidencialvenezuela.gob.ve\/index.php\/wp-json\/wp\/v2\/posts\/17545","targetHints":{"allow":["GET"]}}],"collection":[{"href":"https:\/\/prensapresidencialvenezuela.gob.ve\/index.php\/wp-json\/wp\/v2\/posts"}],"about":[{"href":"https:\/\/prensapresidencialvenezuela.gob.ve\/index.php\/wp-json\/wp\/v2\/types\/post"}],"author":[{"embeddable":true,"href":"https:\/\/prensapresidencialvenezuela.gob.ve\/index.php\/wp-json\/wp\/v2\/users\/1"}],"replies":[{"embeddable":true,"href":"https:\/\/prensapresidencialvenezuela.gob.ve\/index.php\/wp-json\/wp\/v2\/comments?post=17545"}],"version-history":[{"count":2,"href":"https:\/\/prensapresidencialvenezuela.gob.ve\/index.php\/wp-json\/wp\/v2\/posts\/17545\/revisions"}],"predecessor-version":[{"id":17562,"href":"https:\/\/prensapresidencialvenezuela.gob.ve\/index.php\/wp-json\/wp\/v2\/posts\/17545\/revisions\/17562"}],"wp:featuredmedia":[{"embeddable":true,"href":"https:\/\/prensapresidencialvenezuela.gob.ve\/index.php\/wp-json\/wp\/v2\/media\/17546"}],"wp:attachment":[{"href":"https:\/\/prensapresidencialvenezuela.gob.ve\/index.php\/wp-json\/wp\/v2\/media?parent=17545"}],"wp:term":[{"taxonomy":"category","embeddable":true,"href":"https:\/\/prensapresidencialvenezuela.gob.ve\/index.php\/wp-json\/wp\/v2\/categories?post=17545"},{"taxonomy":"post_tag","embeddable":true,"href":"https:\/\/prensapresidencialvenezuela.gob.ve\/index.php\/wp-json\/wp\/v2\/tags?post=17545"}],"curies":[{"name":"wp","href":"https:\/\/api.w.org\/{rel}","templated":true}]}}