{"id":17548,"date":"2025-02-20T22:17:18","date_gmt":"2025-02-21T02:17:18","guid":{"rendered":"https:\/\/prensapresidencialvenezuela.gob.ve\/?p=17548"},"modified":"2025-02-20T22:17:19","modified_gmt":"2025-02-21T02:17:19","slug":"anahi-arizmendi-asume-liderazgo-de-la-gran-mision-vuelta-a-la-patria","status":"publish","type":"post","link":"https:\/\/prensapresidencialvenezuela.gob.ve\/index.php\/2025\/02\/20\/anahi-arizmendi-asume-liderazgo-de-la-gran-mision-vuelta-a-la-patria\/","title":{"rendered":"Anah\u00ed Arizmendi asume liderazgo de la Gran Misi\u00f3n Vuelta a la Patria"},"content":{"rendered":"\n<p><strong>La Carlota, estado Miranda.-<\/strong> En un significativo paso hacia la recuperaci\u00f3n de la identidad y el bienestar de las familias venezolanas, el presidente de la Rep\u00fablica Bolivariana de Venezuela, Nicol\u00e1s Maduro Moros, design\u00f3 a Anah\u00ed Arizmendi como la nueva jefa de la Gran Misi\u00f3n Vuelta a la Patria.<\/p>\n\n\n\n<p>Este anuncio se realiz\u00f3 durante el Taller de Alto Nivel del Gobierno Popular, en donde el Mandatario destac\u00f3 las cualidades excepcionales de Arizmendi, quien se ha distinguido por su incansable labor en defensa de los Derechos Humanos y los derechos de la infancia.<\/p>\n\n\n\n<p>Anah\u00ed Arizmendi, periodista de amplia trayectoria y activista comprometida, ha sido una voz constante en la lucha por la justicia social en Venezuela.<\/p>\n\n\n\n<p>Su anterior cargo como presidenta del Instituto Aut\u00f3nomo Consejo Nacional de Derechos de Ni\u00f1os, Ni\u00f1as y Adolescentes, y su autor\u00eda de la obra \u201cInfancia bajo asedio\u201d revelan su profundo compromiso con las causas m\u00e1s vulnerables de la sociedad.<\/p>\n\n\n\n<p>En palabras del presidente Maduro, \u201cAnah\u00ed es una mujer de gran calidad humana, de gran capacidad, y adem\u00e1s de gran sensibilidad sobre el tema de las familias, los ni\u00f1os, las ni\u00f1as y los adolescentes\u201d.<\/p>\n\n\n\n<p>La designaci\u00f3n de Arizmendi llega en un momento crucial, dado que en las \u00faltimas semanas, Venezuela ha recibido a un grupo de 190 connacionales deportados de Estados Unidos tras los recientes cambios en la pol\u00edtica migratoria del presidente Donald Trump.<\/p>\n\n\n\n<p>Este acto de repatriaci\u00f3n es un reflejo de la necesidad de reconstruir a una Venezuela que, a pesar de las adversidades, sigue abrazando a sus hijos e hijas en el exterior.<\/p>\n\n\n\n<p>El Gobierno venezolano, a trav\u00e9s de la Canciller\u00eda, ha extendido la mano hacia la Administraci\u00f3n estadounidense, solicitando la repatriaci\u00f3n de aquellos venezolanos que fueron llevados \u201cinjustamente\u201d a la base militar de Guant\u00e1namo. La situaci\u00f3n de estos ciudadanos encarna las crueles realidades de la emigraci\u00f3n forzada y el impacto devastador de las pol\u00edticas migratorias de la ultraderecha.<\/p>\n\n\n\n<p>El Plan Vuelta a la Patria, impulsado por el Gobierno Bolivariano, es un intento de sanar las heridas infligidas por las sanciones econ\u00f3micas&nbsp; y la desestabilizaci\u00f3n impulsada por el fascismo que ha sufrido la naci\u00f3n.<\/p>\n\n\n\n<p>Este plan no s\u00f3lo busca traer de vuelta a quienes se vieron obligados a abandonar su hogar, sino tambi\u00e9n restablecer la dignidad y el sentido de pertenencia de los millones de venezolanos dispersos en el mundo.<\/p>\n\n\n\n<p><strong>Prensa Presidencial\/ Luis Tavera<\/strong><\/p>\n","protected":false},"excerpt":{"rendered":"<p>La Carlota, estado Miranda.- En un significativo paso hacia la recuperaci\u00f3n de la identidad y el bienestar de las familias venezolanas, el presidente de la Rep\u00fablica Bolivariana de Venezuela, Nicol\u00e1s Maduro Moros, design\u00f3 a Anah\u00ed Arizmendi como la nueva jefa de la Gran Misi\u00f3n Vuelta a la Patria. Este anuncio se realiz\u00f3 durante el Taller [&hellip;]<\/p>\n","protected":false},"author":1,"featured_media":17549,"comment_status":"open","ping_status":"open","sticky":false,"template":"","format":"standard","meta":{"footnotes":""},"categories":[18,7],"tags":[],"class_list":["post-17548","post","type-post","status-publish","format-standard","has-post-thumbnail","hentry","category-noticias-principales","category-notas-de-prensa"],"_links":{"self":[{"href":"https:\/\/prensapresidencialvenezuela.gob.ve\/index.php\/wp-json\/wp\/v2\/posts\/17548","targetHints":{"allow":["GET"]}}],"collection":[{"href":"https:\/\/prensapresidencialvenezuela.gob.ve\/index.php\/wp-json\/wp\/v2\/posts"}],"about":[{"href":"https:\/\/prensapresidencialvenezuela.gob.ve\/index.php\/wp-json\/wp\/v2\/types\/post"}],"author":[{"embeddable":true,"href":"https:\/\/prensapresidencialvenezuela.gob.ve\/index.php\/wp-json\/wp\/v2\/users\/1"}],"replies":[{"embeddable":true,"href":"https:\/\/prensapresidencialvenezuela.gob.ve\/index.php\/wp-json\/wp\/v2\/comments?post=17548"}],"version-history":[{"count":1,"href":"https:\/\/prensapresidencialvenezuela.gob.ve\/index.php\/wp-json\/wp\/v2\/posts\/17548\/revisions"}],"predecessor-version":[{"id":17550,"href":"https:\/\/prensapresidencialvenezuela.gob.ve\/index.php\/wp-json\/wp\/v2\/posts\/17548\/revisions\/17550"}],"wp:featuredmedia":[{"embeddable":true,"href":"https:\/\/prensapresidencialvenezuela.gob.ve\/index.php\/wp-json\/wp\/v2\/media\/17549"}],"wp:attachment":[{"href":"https:\/\/prensapresidencialvenezuela.gob.ve\/index.php\/wp-json\/wp\/v2\/media?parent=17548"}],"wp:term":[{"taxonomy":"category","embeddable":true,"href":"https:\/\/prensapresidencialvenezuela.gob.ve\/index.php\/wp-json\/wp\/v2\/categories?post=17548"},{"taxonomy":"post_tag","embeddable":true,"href":"https:\/\/prensapresidencialvenezuela.gob.ve\/index.php\/wp-json\/wp\/v2\/tags?post=17548"}],"curies":[{"name":"wp","href":"https:\/\/api.w.org\/{rel}","templated":true}]}}