{"id":17551,"date":"2025-02-20T22:48:15","date_gmt":"2025-02-21T02:48:15","guid":{"rendered":"https:\/\/prensapresidencialvenezuela.gob.ve\/?p=17551"},"modified":"2025-02-20T22:48:16","modified_gmt":"2025-02-21T02:48:16","slug":"gobierno-nacional-denuncia-desvio-de-fondos-para-la-atencion-de-migrantes-venezolanos-por-parte-de-la-oim","status":"publish","type":"post","link":"https:\/\/prensapresidencialvenezuela.gob.ve\/index.php\/2025\/02\/20\/gobierno-nacional-denuncia-desvio-de-fondos-para-la-atencion-de-migrantes-venezolanos-por-parte-de-la-oim\/","title":{"rendered":"Gobierno Nacional denuncia desv\u00edo de fondos para la atenci\u00f3n de migrantes venezolanos por parte de la OIM"},"content":{"rendered":"\n<p><strong>La Carlota, estado Mirnada.-<\/strong> &nbsp;En un contundente discurso realizado durante un Taller de Alto Nivel del Gobierno Popular, el presidente de la Rep\u00fablica, Nicol\u00e1s Maduro, acus\u00f3 a la Organizaci\u00f3n Internacional Para la Migraci\u00f3n (OIM), instancia del sistema de las Naciones Unidas, de haber malversado miles de millones de d\u00f3lares que estaban destinados a la atenci\u00f3n de la crisis migratoria venezolana.<\/p>\n\n\n\n<p>El jefe de Estado, en\u00e9rgico y decidido, se dirigi\u00f3 a su hom\u00f3logo estadounidense, Donald Trump, invit\u00e1ndolo a revisar las cifras reportadas en los informes de la Agencia de los Estados Unidos para el Desarrollo Internacional (USAID).<\/p>\n\n\n\n<p>\u201cPara que usted vea, presidente Trump, c\u00f3mo se robaron miles de millones de d\u00f3lares que deb\u00edan ayudar a los migrantes venezolanos. Este delito fue cometido por los bur\u00f3cratas de la ONU. Los tenemos con nombre y apellido; aqu\u00ed est\u00e1 nuestro canciller, quien puede ir a Washington a llevarle ese informe\u201d, afirm\u00f3.<\/p>\n\n\n\n<p>El Mandatario venezolano no escatim\u00f3 en detalles al se\u00f1alar a figuras pol\u00edticas colombianas y venezolanas, incluyendo al expresidente Iv\u00e1n Duque y a los opositores pr\u00f3fugos Juan Guaid\u00f3, Leopoldo L\u00f3pez y otros como los responsables de desviar recursos destinados a la poblaci\u00f3n migrante.<\/p>\n\n\n\n<p>\u201cRobaron millones de millones de d\u00f3lares del dinero de los contribuyentes de la USAID para supuestamente apoyar a los migrantes. Adem\u00e1s, lo que tambi\u00e9n robaron fue lo de los migrantes que han ca\u00eddo en manos de organizaciones transnacionales de trata de personas, conocidas como coyotes, quienes se benefician a expensas de la dif\u00edcil situaci\u00f3n en la que se encuentran\u201d, detall\u00f3.<\/p>\n\n\n\n<p>El Presidente concluy\u00f3 expresando su compromiso de seguir denunciando lo que considera una falta de justicia para el pueblo venezolano y un clamor por el reconocimiento de la verdadera situaci\u00f3n que viven los migrantes.<\/p>\n\n\n\n<p><strong>Prensa Presidencial\/ Luis Tavera<\/strong><\/p>\n","protected":false},"excerpt":{"rendered":"<p>La Carlota, estado Mirnada.- &nbsp;En un contundente discurso realizado durante un Taller de Alto Nivel del Gobierno Popular, el presidente de la Rep\u00fablica, Nicol\u00e1s Maduro, acus\u00f3 a la Organizaci\u00f3n Internacional Para la Migraci\u00f3n (OIM), instancia del sistema de las Naciones Unidas, de haber malversado miles de millones de d\u00f3lares que estaban destinados a la atenci\u00f3n [&hellip;]<\/p>\n","protected":false},"author":1,"featured_media":17552,"comment_status":"open","ping_status":"open","sticky":false,"template":"","format":"standard","meta":{"footnotes":""},"categories":[18,7],"tags":[477,525,1386,20],"class_list":["post-17551","post","type-post","status-publish","format-standard","has-post-thumbnail","hentry","category-noticias-principales","category-notas-de-prensa","tag-gobierno","tag-migrantes","tag-oim","tag-venezuela"],"_links":{"self":[{"href":"https:\/\/prensapresidencialvenezuela.gob.ve\/index.php\/wp-json\/wp\/v2\/posts\/17551","targetHints":{"allow":["GET"]}}],"collection":[{"href":"https:\/\/prensapresidencialvenezuela.gob.ve\/index.php\/wp-json\/wp\/v2\/posts"}],"about":[{"href":"https:\/\/prensapresidencialvenezuela.gob.ve\/index.php\/wp-json\/wp\/v2\/types\/post"}],"author":[{"embeddable":true,"href":"https:\/\/prensapresidencialvenezuela.gob.ve\/index.php\/wp-json\/wp\/v2\/users\/1"}],"replies":[{"embeddable":true,"href":"https:\/\/prensapresidencialvenezuela.gob.ve\/index.php\/wp-json\/wp\/v2\/comments?post=17551"}],"version-history":[{"count":1,"href":"https:\/\/prensapresidencialvenezuela.gob.ve\/index.php\/wp-json\/wp\/v2\/posts\/17551\/revisions"}],"predecessor-version":[{"id":17553,"href":"https:\/\/prensapresidencialvenezuela.gob.ve\/index.php\/wp-json\/wp\/v2\/posts\/17551\/revisions\/17553"}],"wp:featuredmedia":[{"embeddable":true,"href":"https:\/\/prensapresidencialvenezuela.gob.ve\/index.php\/wp-json\/wp\/v2\/media\/17552"}],"wp:attachment":[{"href":"https:\/\/prensapresidencialvenezuela.gob.ve\/index.php\/wp-json\/wp\/v2\/media?parent=17551"}],"wp:term":[{"taxonomy":"category","embeddable":true,"href":"https:\/\/prensapresidencialvenezuela.gob.ve\/index.php\/wp-json\/wp\/v2\/categories?post=17551"},{"taxonomy":"post_tag","embeddable":true,"href":"https:\/\/prensapresidencialvenezuela.gob.ve\/index.php\/wp-json\/wp\/v2\/tags?post=17551"}],"curies":[{"name":"wp","href":"https:\/\/api.w.org\/{rel}","templated":true}]}}