{"id":17554,"date":"2025-02-20T22:57:19","date_gmt":"2025-02-21T02:57:19","guid":{"rendered":"https:\/\/prensapresidencialvenezuela.gob.ve\/?p=17554"},"modified":"2025-02-21T13:49:27","modified_gmt":"2025-02-21T17:49:27","slug":"venezuela-se-perfila-hacia-una-gran-transformacion-de-todas-las-formas-y-metodos-para-la-toma-de-decisiones","status":"publish","type":"post","link":"https:\/\/prensapresidencialvenezuela.gob.ve\/index.php\/2025\/02\/20\/venezuela-se-perfila-hacia-una-gran-transformacion-de-todas-las-formas-y-metodos-para-la-toma-de-decisiones\/","title":{"rendered":"Venezuela se perfila hac\u00eda una gran transformaci\u00f3n de los m\u00e9todos para la toma de decisiones"},"content":{"rendered":"\n<p><strong>La Carlota, estado Miranda.-<\/strong> Durante su participaci\u00f3n en el Taller de Alto Nivel del Gobierno Popular, el presidente Nicol\u00e1s Maduro subray\u00f3 la importancia de la transformaci\u00f3n en la estructura gubernamental como tarea principal para su gabinete ministerial.<\/p>\n\n\n\n<p>\u00ab(\u2026) Lo que nos corresponde a nosotros, este Gobierno Bolivariano reelecto por el pueblo el 28 de julio, que vamos a gobernar desde este a\u00f1o 2025\u00a0 hasta el 2031, nosotros vamos a una gran transformaci\u00f3n de todas las formas y m\u00e9todos con que se toman decisiones, con que se gobierna, con que se trata al pueblo, con que se atiende los problema ministerio por ministerio vamos a voltearlo como una media, vamos a transformarlo\u00bb, declar\u00f3.<\/p>\n\n\n\n<p>En este sentido, instruy\u00f3 como tarea primordial a los ministros y ministras quienes llevaran a cabo \u00abla transformaci\u00f3n humana, revolucionaria, nacionalista, democr\u00e1tica pero sobre todo de car\u00e1cter popular\u00bb.<\/p>\n\n\n\n<p>El presidente Maduro, indic\u00f3 que Venezuela se encuentra en \u00abuna transici\u00f3n tard\u00eda\u00bb, lo cual ha permitido el surgimiento de movimientos fascistas.<\/p>\n\n\n\n<p>\u00ab\u00bfPor qu\u00e9 ha surgido el fascismo? Porque fascismo vio un caldo de cultivo para surgir en Venezuela\u00bb, explic\u00f3, al denunciar que el imperialismo ha estudiado la opini\u00f3n p\u00fablica venezolana y ha decidido \u00absembrar el fascismo y los sembraron. No era una simple oposici\u00f3n alternativa que ha surgido en Venezuela no, es fascismo criminal, terrorista\u00bb, a\u00f1adi\u00f3.<\/p>\n\n\n\n<p>El Jefe de Estado inst\u00f3 a sus ministros a reflexionar sobre su papel: \u00ab\u00bfQui\u00e9n los puso ah\u00ed a ustedes? La vida. Denle gracias a la vida y a Dios de que en este momento estelar de la historia de Venezuela, ustedes tienen en sus manos el poder de hacer grandes cosas por nuestro pueblo\u00bb.<br><br>Finalmente, llam\u00f3 a la acci\u00f3n y al compromiso: \u00abAs\u00ed que h\u00e1ganla, planif\u00edquense, mej\u00f3rense, transf\u00f3rmense\u00bb. Con estas palabras, el presidente Maduro reafirm\u00f3 su visi\u00f3n de un gobierno centrado en las necesidades del pueblo y en la construcci\u00f3n de un futuro transformador para Venezuela.<\/p>\n\n\n\n<p><strong>Prensa Presidencial \/ Eduardo Hueck<\/strong><\/p>\n","protected":false},"excerpt":{"rendered":"<p>La Carlota, estado Miranda.- Durante su participaci\u00f3n en el Taller de Alto Nivel del Gobierno Popular, el presidente Nicol\u00e1s Maduro subray\u00f3 la importancia de la transformaci\u00f3n en la estructura gubernamental como tarea principal para su gabinete ministerial. \u00ab(\u2026) Lo que nos corresponde a nosotros, este Gobierno Bolivariano reelecto por el pueblo el 28 de julio, [&hellip;]<\/p>\n","protected":false},"author":1,"featured_media":17557,"comment_status":"open","ping_status":"open","sticky":false,"template":"","format":"standard","meta":{"footnotes":""},"categories":[18,7],"tags":[1387,475],"class_list":["post-17554","post","type-post","status-publish","format-standard","has-post-thumbnail","hentry","category-noticias-principales","category-notas-de-prensa","tag-decisiones","tag-transformacion"],"_links":{"self":[{"href":"https:\/\/prensapresidencialvenezuela.gob.ve\/index.php\/wp-json\/wp\/v2\/posts\/17554","targetHints":{"allow":["GET"]}}],"collection":[{"href":"https:\/\/prensapresidencialvenezuela.gob.ve\/index.php\/wp-json\/wp\/v2\/posts"}],"about":[{"href":"https:\/\/prensapresidencialvenezuela.gob.ve\/index.php\/wp-json\/wp\/v2\/types\/post"}],"author":[{"embeddable":true,"href":"https:\/\/prensapresidencialvenezuela.gob.ve\/index.php\/wp-json\/wp\/v2\/users\/1"}],"replies":[{"embeddable":true,"href":"https:\/\/prensapresidencialvenezuela.gob.ve\/index.php\/wp-json\/wp\/v2\/comments?post=17554"}],"version-history":[{"count":3,"href":"https:\/\/prensapresidencialvenezuela.gob.ve\/index.php\/wp-json\/wp\/v2\/posts\/17554\/revisions"}],"predecessor-version":[{"id":17564,"href":"https:\/\/prensapresidencialvenezuela.gob.ve\/index.php\/wp-json\/wp\/v2\/posts\/17554\/revisions\/17564"}],"wp:featuredmedia":[{"embeddable":true,"href":"https:\/\/prensapresidencialvenezuela.gob.ve\/index.php\/wp-json\/wp\/v2\/media\/17557"}],"wp:attachment":[{"href":"https:\/\/prensapresidencialvenezuela.gob.ve\/index.php\/wp-json\/wp\/v2\/media?parent=17554"}],"wp:term":[{"taxonomy":"category","embeddable":true,"href":"https:\/\/prensapresidencialvenezuela.gob.ve\/index.php\/wp-json\/wp\/v2\/categories?post=17554"},{"taxonomy":"post_tag","embeddable":true,"href":"https:\/\/prensapresidencialvenezuela.gob.ve\/index.php\/wp-json\/wp\/v2\/tags?post=17554"}],"curies":[{"name":"wp","href":"https:\/\/api.w.org\/{rel}","templated":true}]}}