{"id":17565,"date":"2025-02-21T15:27:41","date_gmt":"2025-02-21T19:27:41","guid":{"rendered":"https:\/\/prensapresidencialvenezuela.gob.ve\/?p=17565"},"modified":"2025-02-21T15:28:27","modified_gmt":"2025-02-21T19:28:27","slug":"mandatario-nacional-llama-a-transformar-la-gestion-publica-desde-el-corazon-del-pueblo","status":"publish","type":"post","link":"https:\/\/prensapresidencialvenezuela.gob.ve\/index.php\/2025\/02\/21\/mandatario-nacional-llama-a-transformar-la-gestion-publica-desde-el-corazon-del-pueblo\/","title":{"rendered":"Mandatario nacional llama a transformar la gesti\u00f3n p\u00fablica desde el coraz\u00f3n del pueblo"},"content":{"rendered":"\n<p><strong>La Carlota, estado Miranda. &#8211; <\/strong>El presidente de la Rep\u00fablica Bolivariana de Venezuela, Nicol\u00e1s Maduro, ha marcado un hito crucial en la gesti\u00f3n del Gobierno al instruir a su gabinete ejecutivo promover \u00abuna gran transformaci\u00f3n de todas las formas y m\u00e9todos con que se toman decisiones\u00bb.<\/p>\n\n\n\n<p>En un contexto de cambios y desaf\u00edos electorales, el jefe de Estado enfatiz\u00f3 que esta transformaci\u00f3n debe tener un \u00fanico norte: El pueblo venezolano.<\/p>\n\n\n\n<p>\u201cSin pueblo no somos nadie. Sin pueblo no es nada la Rep\u00fablica. Sin pueblo no hay Revoluci\u00f3n\u201d, puntualiz\u00f3 el Mandatario, al resaltar la esencia de la misi\u00f3n revolucionaria.<\/p>\n\n\n\n<p>Este enfoque se erige como un llamado a todos los militantes y ministros, inst\u00e1ndolos a desprenderse de intereses individuales y centrarse en el bienestar colectivo.<\/p>\n\n\n\n<p>En sus palabras, el Presidente establece un claro rechazo a la pol\u00edtica de elites, reivindicando la voz y el poder del ciudadano com\u00fan como el verdadero motor del cambio.<\/p>\n\n\n\n<p><strong>El verdadero revolucionario debe desapegarse de ambiciones<\/strong><\/p>\n\n\n\n<p>Durante su intervenci\u00f3n, en el Taller de Alto Nivel del Gobierno Popular, el Mandatario nacional subray\u00f3 que \u00abel verdadero revolucionario debe desapegarse de ambiciones personalistas, de maniobras grupalistas, de acciones divisionistas\u00bb.<\/p>\n\n\n\n<p>Estas declaraciones son un llamado a la unidad y a la coherencia en un momento donde el ego y la ambici\u00f3n desmedida pueden desvirtuar los principios de la Revoluci\u00f3n.<\/p>\n\n\n\n<p>\u00abEso hace da\u00f1o\u00bb, asever\u00f3, enfatizando que el inter\u00e9s colectivo debe prevalecer sobre el deseo personal.<\/p>\n\n\n\n<p>El jefe de Estado resalt\u00f3 la importancia del pr\u00f3ximo proceso electoral, instando a los revolucionarios a estar \u00ablistos para ir a la trinchera que le toque y cumplirle al pueblo\u00bb.<\/p>\n\n\n\n<p>Su discurso se enmarca en la urgencia de de superar los temores y centrarse en lo que realmente importa: las necesidades y aspiraciones de la ciudadan\u00eda.<\/p>\n\n\n\n<p>Con tono jocoso, el l\u00edder bolivariano coment\u00f3: \u00abEso no es vida, que si me postulan, que si no me postulan\u00bb, instando a los presentes a aplicar la \u00abley del desapego\u00bb como gu\u00eda moral para la acci\u00f3n pol\u00edtica. <\/p>\n\n\n\n<p><strong>Prensa Presidencial\/ Luis Tavera<\/strong><\/p>\n","protected":false},"excerpt":{"rendered":"<p>La Carlota, estado Miranda. &#8211; El presidente de la Rep\u00fablica Bolivariana de Venezuela, Nicol\u00e1s Maduro, ha marcado un hito crucial en la gesti\u00f3n del Gobierno al instruir a su gabinete ejecutivo promover \u00abuna gran transformaci\u00f3n de todas las formas y m\u00e9todos con que se toman decisiones\u00bb. En un contexto de cambios y desaf\u00edos electorales, el [&hellip;]<\/p>\n","protected":false},"author":1,"featured_media":17566,"comment_status":"open","ping_status":"open","sticky":false,"template":"","format":"standard","meta":{"footnotes":""},"categories":[18,7],"tags":[1389,464,1388,451],"class_list":["post-17565","post","type-post","status-publish","format-standard","has-post-thumbnail","hentry","category-noticias-principales","category-notas-de-prensa","tag-corazon","tag-gestion","tag-publica","tag-pueblo"],"_links":{"self":[{"href":"https:\/\/prensapresidencialvenezuela.gob.ve\/index.php\/wp-json\/wp\/v2\/posts\/17565","targetHints":{"allow":["GET"]}}],"collection":[{"href":"https:\/\/prensapresidencialvenezuela.gob.ve\/index.php\/wp-json\/wp\/v2\/posts"}],"about":[{"href":"https:\/\/prensapresidencialvenezuela.gob.ve\/index.php\/wp-json\/wp\/v2\/types\/post"}],"author":[{"embeddable":true,"href":"https:\/\/prensapresidencialvenezuela.gob.ve\/index.php\/wp-json\/wp\/v2\/users\/1"}],"replies":[{"embeddable":true,"href":"https:\/\/prensapresidencialvenezuela.gob.ve\/index.php\/wp-json\/wp\/v2\/comments?post=17565"}],"version-history":[{"count":2,"href":"https:\/\/prensapresidencialvenezuela.gob.ve\/index.php\/wp-json\/wp\/v2\/posts\/17565\/revisions"}],"predecessor-version":[{"id":17568,"href":"https:\/\/prensapresidencialvenezuela.gob.ve\/index.php\/wp-json\/wp\/v2\/posts\/17565\/revisions\/17568"}],"wp:featuredmedia":[{"embeddable":true,"href":"https:\/\/prensapresidencialvenezuela.gob.ve\/index.php\/wp-json\/wp\/v2\/media\/17566"}],"wp:attachment":[{"href":"https:\/\/prensapresidencialvenezuela.gob.ve\/index.php\/wp-json\/wp\/v2\/media?parent=17565"}],"wp:term":[{"taxonomy":"category","embeddable":true,"href":"https:\/\/prensapresidencialvenezuela.gob.ve\/index.php\/wp-json\/wp\/v2\/categories?post=17565"},{"taxonomy":"post_tag","embeddable":true,"href":"https:\/\/prensapresidencialvenezuela.gob.ve\/index.php\/wp-json\/wp\/v2\/tags?post=17565"}],"curies":[{"name":"wp","href":"https:\/\/api.w.org\/{rel}","templated":true}]}}