{"id":17569,"date":"2025-02-21T17:51:58","date_gmt":"2025-02-21T21:51:58","guid":{"rendered":"https:\/\/prensapresidencialvenezuela.gob.ve\/?p=17569"},"modified":"2025-02-21T17:51:59","modified_gmt":"2025-02-21T21:51:59","slug":"activada-la-3t-con-el-despliegue-de-cuadrantes-de-paz-en-comunas-y-circuitos-comunales","status":"publish","type":"post","link":"https:\/\/prensapresidencialvenezuela.gob.ve\/index.php\/2025\/02\/21\/activada-la-3t-con-el-despliegue-de-cuadrantes-de-paz-en-comunas-y-circuitos-comunales\/","title":{"rendered":"Activada la 3T con el despliegue de Cuadrantes de Paz en \u00a0Comunas y Circuitos Comunales"},"content":{"rendered":"\n<p><strong>La Urbina, municipio Sucre.- <\/strong>En el contexto del Plan Antonio Jos\u00e9 de Sucre, enmarcado en la eficiencia, eficacia y soluciones, y la activaci\u00f3n de la 3T, del Plan de las Siete Transformaciones, el presidente de la Rep\u00fablica Bolivariana de Venezuela, Nicol\u00e1s Maduro, lidera este viernes el despliegue de los Cuadrantes de Paz por Comuna y Circuito Comunal, adem\u00e1s de la entrega de equipamiento y dotaci\u00f3n de las fuerzas de Seguridad. <\/p>\n\n\n\n<p>El despliegue se lleva a cabo en La Urbina, municipio Sucre, en donde el jefe de Estado se encuentra acompa\u00f1ado por la Primera Dama de la Rep\u00fablica, Cilia Flores; el ministro del Poder Popular para Relaciones Interiores, Justicia y Paz, Diosdado Cabello; as\u00ed como Pedro Infante, quien es jefe supremo del Plan Antonio Jos\u00e9 de Sucre, para la paz y desarrollo de Petare.<\/p>\n\n\n\n<p>Adem\u00e1s, 90 comuneros y comuneras y miembros de la estructura pol\u00edtica de la Revoluci\u00f3n Bolivariana, tambi\u00e9n participan de esta jornada, en aras de intercambiar mecanismos y enfoques, de fortalecer la seguridad, a escala nacional.<\/p>\n\n\n\n<p>Ante las constantes amenazas del fascismo, que busca la desestabilizaci\u00f3n del pa\u00eds, el presidente Maduro ha impulsado el trabajo en uni\u00f3n c\u00edvico-militar-policial, como eje fundamental para garantizar la seguridad de la Naci\u00f3n.<\/p>\n\n\n\n<p>La jornada de este viernes da paso a la activaci\u00f3n de la 3T del Plan de las Siete Transformaciones, para seguir garantizando la seguridad, la estabilidad, la paz y el derecho del pueblo al futuro.<\/p>\n\n\n\n<p><strong>Prensa Presidencial<\/strong><\/p>\n","protected":false},"excerpt":{"rendered":"<p>La Urbina, municipio Sucre.- En el contexto del Plan Antonio Jos\u00e9 de Sucre, enmarcado en la eficiencia, eficacia y soluciones, y la activaci\u00f3n de la 3T, del Plan de las Siete Transformaciones, el presidente de la Rep\u00fablica Bolivariana de Venezuela, Nicol\u00e1s Maduro, lidera este viernes el despliegue de los Cuadrantes de Paz por Comuna y [&hellip;]<\/p>\n","protected":false},"author":1,"featured_media":17570,"comment_status":"open","ping_status":"open","sticky":false,"template":"","format":"standard","meta":{"footnotes":""},"categories":[18,7],"tags":[1390,741,1302,557],"class_list":["post-17569","post","type-post","status-publish","format-standard","has-post-thumbnail","hentry","category-noticias-principales","category-notas-de-prensa","tag-3t","tag-activacion","tag-cuadrantes","tag-paz"],"_links":{"self":[{"href":"https:\/\/prensapresidencialvenezuela.gob.ve\/index.php\/wp-json\/wp\/v2\/posts\/17569","targetHints":{"allow":["GET"]}}],"collection":[{"href":"https:\/\/prensapresidencialvenezuela.gob.ve\/index.php\/wp-json\/wp\/v2\/posts"}],"about":[{"href":"https:\/\/prensapresidencialvenezuela.gob.ve\/index.php\/wp-json\/wp\/v2\/types\/post"}],"author":[{"embeddable":true,"href":"https:\/\/prensapresidencialvenezuela.gob.ve\/index.php\/wp-json\/wp\/v2\/users\/1"}],"replies":[{"embeddable":true,"href":"https:\/\/prensapresidencialvenezuela.gob.ve\/index.php\/wp-json\/wp\/v2\/comments?post=17569"}],"version-history":[{"count":1,"href":"https:\/\/prensapresidencialvenezuela.gob.ve\/index.php\/wp-json\/wp\/v2\/posts\/17569\/revisions"}],"predecessor-version":[{"id":17571,"href":"https:\/\/prensapresidencialvenezuela.gob.ve\/index.php\/wp-json\/wp\/v2\/posts\/17569\/revisions\/17571"}],"wp:featuredmedia":[{"embeddable":true,"href":"https:\/\/prensapresidencialvenezuela.gob.ve\/index.php\/wp-json\/wp\/v2\/media\/17570"}],"wp:attachment":[{"href":"https:\/\/prensapresidencialvenezuela.gob.ve\/index.php\/wp-json\/wp\/v2\/media?parent=17569"}],"wp:term":[{"taxonomy":"category","embeddable":true,"href":"https:\/\/prensapresidencialvenezuela.gob.ve\/index.php\/wp-json\/wp\/v2\/categories?post=17569"},{"taxonomy":"post_tag","embeddable":true,"href":"https:\/\/prensapresidencialvenezuela.gob.ve\/index.php\/wp-json\/wp\/v2\/tags?post=17569"}],"curies":[{"name":"wp","href":"https:\/\/api.w.org\/{rel}","templated":true}]}}