{"id":17572,"date":"2025-02-21T18:14:32","date_gmt":"2025-02-21T22:14:32","guid":{"rendered":"https:\/\/prensapresidencialvenezuela.gob.ve\/?p=17572"},"modified":"2025-02-21T18:14:32","modified_gmt":"2025-02-21T22:14:32","slug":"fusion-popular-militar-policial-formula-perfecta-de-la-revolucion-bolivariana-para-garantizar-la-paz-de-la-patria","status":"publish","type":"post","link":"https:\/\/prensapresidencialvenezuela.gob.ve\/index.php\/2025\/02\/21\/fusion-popular-militar-policial-formula-perfecta-de-la-revolucion-bolivariana-para-garantizar-la-paz-de-la-patria\/","title":{"rendered":"Fusi\u00f3n popular-militar-policial, f\u00f3rmula\u00a0 perfecta de la Revoluci\u00f3n Bolivariana para garantizar la paz de la Patria"},"content":{"rendered":"\n<p><strong>La Urbina, municipio Sucre.-<\/strong> El presidente de la Rep\u00fablica Bolivariana de Venezuela, Nicol\u00e1s Maduro Moros, resalt\u00f3 que los tiempos geopol\u00edticos en Venezuela est\u00e1n acelerados y que la fusi\u00f3n popular-militar-policial es la f\u00f3rmula&nbsp; perfecta de la Revoluci\u00f3n Bolivariana, a fin de garantizar la paz, la tranquilidad y la verdad de la Patria.<\/p>\n\n\n\n<p>En este sentido, a\u00f1adi\u00f3 que Venezuela est\u00e1 acelerada para bien, el avance y la paz de la Naci\u00f3n, por lo que hoy se est\u00e1 dando continuidad a la activaci\u00f3n de la 3T del plan de las 7T, con los Cuadrantes de Paz, desde La Urbina, municipio Sucre.<\/p>\n\n\n\n<p>En esta actividad se est\u00e1 efectuando el despliegue de acciones de seguridad en el municipio Sucre, junto al poder comunal, adem\u00e1s, de entregarse equipamiento y dotaci\u00f3n a las fuerzas especiales.<\/p>\n\n\n\n<p>Territorializaci\u00f3n de la seguridad ciudadana<\/p>\n\n\n\n<p>En este contexto, el jefe de Estado venezolano subray\u00f3 que por medio de los Cuadrantes de Paz se han evidenciado resultados importantes en la territorializaci\u00f3n de la seguridad ciudadana, por lo que inst\u00f3 a continuar perfeccion\u00e1ndola todos los d\u00edas.<\/p>\n\n\n\n<p>\u00abEl \u00e9xito del Cuadrante de Paz es el \u00e9xito de la funci\u00f3n de seguridad que ustedes tienen que cumplir\u00bb, expres\u00f3 el Mandatario a los funcionarios policiales y militares, como parte del deber que tienen que cumplir, en cuanto a la garant\u00eda de paz en el pa\u00eds.<\/p>\n\n\n\n<p>Por otra parte, el Dignatario manifest\u00f3 ante el vicepresidente sectorial&nbsp;de Pol\u00edtica, Seguridad Ciudadana y Paz, Diosdado Cabello, que el sistema demag\u00f3gico y a\u00e9reo en el pa\u00eds se debe acabar, motivo por el que asever\u00f3: \u00abVamos con todo Diosdado, porque se tiene que acabar. Nosotros los l\u00edderes debemos estar caminando junto al pueblo para vencer el egocentrismo, la demagogia y la mentira\u00bb. <strong>Prensa Presidencial\/ Irmary D\u00edaz <\/strong><a><\/a><\/p>\n","protected":false},"excerpt":{"rendered":"<p>La Urbina, municipio Sucre.- El presidente de la Rep\u00fablica Bolivariana de Venezuela, Nicol\u00e1s Maduro Moros, resalt\u00f3 que los tiempos geopol\u00edticos en Venezuela est\u00e1n acelerados y que la fusi\u00f3n popular-militar-policial es la f\u00f3rmula&nbsp; perfecta de la Revoluci\u00f3n Bolivariana, a fin de garantizar la paz, la tranquilidad y la verdad de la Patria. En este sentido, a\u00f1adi\u00f3 [&hellip;]<\/p>\n","protected":false},"author":1,"featured_media":17573,"comment_status":"open","ping_status":"open","sticky":false,"template":"","format":"standard","meta":{"footnotes":""},"categories":[18,7],"tags":[1141,1143,553,1391,1078],"class_list":["post-17572","post","type-post","status-publish","format-standard","has-post-thumbnail","hentry","category-noticias-principales","category-notas-de-prensa","tag-fusion","tag-militar","tag-patria","tag-policial","tag-popular"],"_links":{"self":[{"href":"https:\/\/prensapresidencialvenezuela.gob.ve\/index.php\/wp-json\/wp\/v2\/posts\/17572","targetHints":{"allow":["GET"]}}],"collection":[{"href":"https:\/\/prensapresidencialvenezuela.gob.ve\/index.php\/wp-json\/wp\/v2\/posts"}],"about":[{"href":"https:\/\/prensapresidencialvenezuela.gob.ve\/index.php\/wp-json\/wp\/v2\/types\/post"}],"author":[{"embeddable":true,"href":"https:\/\/prensapresidencialvenezuela.gob.ve\/index.php\/wp-json\/wp\/v2\/users\/1"}],"replies":[{"embeddable":true,"href":"https:\/\/prensapresidencialvenezuela.gob.ve\/index.php\/wp-json\/wp\/v2\/comments?post=17572"}],"version-history":[{"count":1,"href":"https:\/\/prensapresidencialvenezuela.gob.ve\/index.php\/wp-json\/wp\/v2\/posts\/17572\/revisions"}],"predecessor-version":[{"id":17574,"href":"https:\/\/prensapresidencialvenezuela.gob.ve\/index.php\/wp-json\/wp\/v2\/posts\/17572\/revisions\/17574"}],"wp:featuredmedia":[{"embeddable":true,"href":"https:\/\/prensapresidencialvenezuela.gob.ve\/index.php\/wp-json\/wp\/v2\/media\/17573"}],"wp:attachment":[{"href":"https:\/\/prensapresidencialvenezuela.gob.ve\/index.php\/wp-json\/wp\/v2\/media?parent=17572"}],"wp:term":[{"taxonomy":"category","embeddable":true,"href":"https:\/\/prensapresidencialvenezuela.gob.ve\/index.php\/wp-json\/wp\/v2\/categories?post=17572"},{"taxonomy":"post_tag","embeddable":true,"href":"https:\/\/prensapresidencialvenezuela.gob.ve\/index.php\/wp-json\/wp\/v2\/tags?post=17572"}],"curies":[{"name":"wp","href":"https:\/\/api.w.org\/{rel}","templated":true}]}}