{"id":17578,"date":"2025-02-21T19:21:46","date_gmt":"2025-02-21T23:21:46","guid":{"rendered":"https:\/\/prensapresidencialvenezuela.gob.ve\/?p=17578"},"modified":"2025-02-21T19:21:47","modified_gmt":"2025-02-21T23:21:47","slug":"90-cuadrantes-de-paz-activados-en-el-municipio-sucre-del-estado-miranda","status":"publish","type":"post","link":"https:\/\/prensapresidencialvenezuela.gob.ve\/index.php\/2025\/02\/21\/90-cuadrantes-de-paz-activados-en-el-municipio-sucre-del-estado-miranda\/","title":{"rendered":"90 Cuadrantes de Paz activados en el municipio Sucre del estado Miranda"},"content":{"rendered":"\n<p><strong>La Urbina, municipio Sucre.- <\/strong>Con el objeto de garantizar la seguridad de la Naci\u00f3n, el presidente de la Rep\u00fablica Bolivariana de Venezuela, Nicol\u00e1s Maduro Moros, anunci\u00f3 que hoy se est\u00e1n activando noventa (90) Cuadrantes de Paz en el municipio Sucre del estado Miranda, luego de una reorganizaci\u00f3n y reingenier\u00eda al sistema para arrancar con nuevas metodolog\u00edas.<\/p>\n\n\n\n<p>Este grupo de polic\u00edas y militares que patrullan para mejorar la seguridad ciudadana, estar\u00e1n desplegados en Petare, La Dolorita, Leoncio Mart\u00ednez, Mariches y Caucaguita, con el fin de fortalecer los planes integrales de resguardo.<\/p>\n\n\n\n<p>&nbsp;Entre los objetivos principales de los Cuadrantes de Paz est\u00e1n los siguientes:<\/p>\n\n\n\n<ul class=\"wp-block-list\">\n<li>Fortalecer la capacidad del Estado y del Poder Popular<\/li>\n\n\n\n<li>Reducir la delincuencia<\/li>\n\n\n\n<li>Promover la participaci\u00f3n del Poder Popular en la seguridad ciudadana<\/li>\n\n\n\n<li>Asegurar el despliegue de los \u00f3rganos de seguridad ciudadana<\/li>\n\n\n\n<li>Fomentar la convivencia pac\u00edfica y solidaria<\/li>\n<\/ul>\n\n\n\n<p>Por otra parte, existen dos tipos de cuadrantes, los terrestres que se ubican en zonas urbanas y rurales; y los acu\u00e1ticos, que se sit\u00faan en cuerpos de agua como r\u00edos, lagos o mares.<\/p>\n\n\n\n<p>El jefe de Estado recalc\u00f3, durante la alocuci\u00f3n, la importancia de la uni\u00f3n popular, militar y policial, para garantizar la estabilidad y tranquilidad de Venezuela.<\/p>\n\n\n\n<p><strong>Prensa Presidencial\/Irmary D\u00edaz.<\/strong><\/p>\n","protected":false},"excerpt":{"rendered":"<p>La Urbina, municipio Sucre.- Con el objeto de garantizar la seguridad de la Naci\u00f3n, el presidente de la Rep\u00fablica Bolivariana de Venezuela, Nicol\u00e1s Maduro Moros, anunci\u00f3 que hoy se est\u00e1n activando noventa (90) Cuadrantes de Paz en el municipio Sucre del estado Miranda, luego de una reorganizaci\u00f3n y reingenier\u00eda al sistema para arrancar con nuevas [&hellip;]<\/p>\n","protected":false},"author":1,"featured_media":17579,"comment_status":"open","ping_status":"open","sticky":false,"template":"","format":"standard","meta":{"footnotes":""},"categories":[18,7],"tags":[1302,557,593],"class_list":["post-17578","post","type-post","status-publish","format-standard","has-post-thumbnail","hentry","category-noticias-principales","category-notas-de-prensa","tag-cuadrantes","tag-paz","tag-seguridad"],"_links":{"self":[{"href":"https:\/\/prensapresidencialvenezuela.gob.ve\/index.php\/wp-json\/wp\/v2\/posts\/17578","targetHints":{"allow":["GET"]}}],"collection":[{"href":"https:\/\/prensapresidencialvenezuela.gob.ve\/index.php\/wp-json\/wp\/v2\/posts"}],"about":[{"href":"https:\/\/prensapresidencialvenezuela.gob.ve\/index.php\/wp-json\/wp\/v2\/types\/post"}],"author":[{"embeddable":true,"href":"https:\/\/prensapresidencialvenezuela.gob.ve\/index.php\/wp-json\/wp\/v2\/users\/1"}],"replies":[{"embeddable":true,"href":"https:\/\/prensapresidencialvenezuela.gob.ve\/index.php\/wp-json\/wp\/v2\/comments?post=17578"}],"version-history":[{"count":1,"href":"https:\/\/prensapresidencialvenezuela.gob.ve\/index.php\/wp-json\/wp\/v2\/posts\/17578\/revisions"}],"predecessor-version":[{"id":17580,"href":"https:\/\/prensapresidencialvenezuela.gob.ve\/index.php\/wp-json\/wp\/v2\/posts\/17578\/revisions\/17580"}],"wp:featuredmedia":[{"embeddable":true,"href":"https:\/\/prensapresidencialvenezuela.gob.ve\/index.php\/wp-json\/wp\/v2\/media\/17579"}],"wp:attachment":[{"href":"https:\/\/prensapresidencialvenezuela.gob.ve\/index.php\/wp-json\/wp\/v2\/media?parent=17578"}],"wp:term":[{"taxonomy":"category","embeddable":true,"href":"https:\/\/prensapresidencialvenezuela.gob.ve\/index.php\/wp-json\/wp\/v2\/categories?post=17578"},{"taxonomy":"post_tag","embeddable":true,"href":"https:\/\/prensapresidencialvenezuela.gob.ve\/index.php\/wp-json\/wp\/v2\/tags?post=17578"}],"curies":[{"name":"wp","href":"https:\/\/api.w.org\/{rel}","templated":true}]}}