{"id":17591,"date":"2025-02-21T20:23:18","date_gmt":"2025-02-22T00:23:18","guid":{"rendered":"https:\/\/prensapresidencialvenezuela.gob.ve\/?p=17591"},"modified":"2025-02-21T20:23:31","modified_gmt":"2025-02-22T00:23:31","slug":"usaid-gasto-recursos-en-financiar-influencers-y-bandas-criminales-para-desestabilizar-petare","status":"publish","type":"post","link":"https:\/\/prensapresidencialvenezuela.gob.ve\/index.php\/2025\/02\/21\/usaid-gasto-recursos-en-financiar-influencers-y-bandas-criminales-para-desestabilizar-petare\/","title":{"rendered":"USAID gast\u00f3 recursos en financiar influencers y bandas criminales para desestabilizar Petare"},"content":{"rendered":"\n<p><strong>La Urbina, estado Miranda.- <\/strong>El presidente de la Rep\u00fablica Bolivariana de Venezuela, Nicol\u00e1s Maduro, en una contundente denuncia durante el acto de Activaci\u00f3n de los Cuadrantes de Paz por Comuna y Circuitos Comunales, afirm\u00f3 que la Agencia de los Estados Unidos para el Desarrollo Internacional (USAID) canaliz\u00f3 recursos financieros hacia artistas, influencers y organizaciones no gubernamentales (ONG) con el objetivo de desestabilizar y llenar de violencia a la comunidad de Petare.&nbsp;<\/p>\n\n\n\n<p><strong>Colaboraci\u00f3n entre USAID y bandas delincuenciales&nbsp;<\/strong><\/p>\n\n\n\n<p>\u201cUSAID financi\u00f3 influencers, artistas y ONG que se sumaron a las bandas delincuenciales para desestabilizar toda el \u00e1rea de Petare\u201d, destac\u00f3 el Mandatario, apuntando a la colaboraci\u00f3n de grupos delictivos, espec\u00edficamente mencionando a la banda liderada por \u201cEl Wilexis\u201d.&nbsp;<\/p>\n\n\n\n<p>En palabras del Presidente, estas acciones buscaban convertir a Petare en un \u201cfoco popular de desestabilizaci\u00f3n de la Gran Caracas\u201d.&nbsp;<\/p>\n\n\n\n<p>El presidente Maduro hizo hincapi\u00e9 en c\u00f3mo estas maniobras de financiamiento externo intentan fomentar un clima de inseguridad y desorden en un sector de vital importancia para el pa\u00eds, resaltando que dicho enfoque est\u00e1 alineado con el trabajo de las bandas criminales que operan en la zona.&nbsp;<\/p>\n\n\n\n<p>\u201cEl impacto que han tenido estas acciones es directo en nuestras comunidades\u201d, afirm\u00f3, se\u00f1alando la importancia de enfrentar de manera integral estos intentos de desestabilizaci\u00f3n.&nbsp;<\/p>\n\n\n\n<p><strong>Gobierno activa Cuadrantes de Paz para garantizar seguridad<\/strong><\/p>\n\n\n\n<p>En respuesta a estas amenazas, el Gobierno Nacional ha puesto en marcha la activaci\u00f3n de los Cuadrantes de Paz, una estrategia que busca garantizar la seguridad ciudadana y fortalecer el trabajo conjunto entre las comunidades y los cuerpos de seguridad.&nbsp;<\/p>\n\n\n\n<p>\u201cCon esta estrategia, le puedo decir a la USAID, esos reales los perdieron porque Petare est\u00e1 en paz y lo que va es para mejor, Petare y todo el municipio Sucre\u201d, concluy\u00f3 el jefe de Estado.&nbsp;<\/p>\n\n\n\n<p><strong>Prensa Presidencial \/ Luis Tavera<\/strong><\/p>\n","protected":false},"excerpt":{"rendered":"<p>La Urbina, estado Miranda.- El presidente de la Rep\u00fablica Bolivariana de Venezuela, Nicol\u00e1s Maduro, en una contundente denuncia durante el acto de Activaci\u00f3n de los Cuadrantes de Paz por Comuna y Circuitos Comunales, afirm\u00f3 que la Agencia de los Estados Unidos para el Desarrollo Internacional (USAID) canaliz\u00f3 recursos financieros hacia artistas, influencers y organizaciones no [&hellip;]<\/p>\n","protected":false},"author":1,"featured_media":17592,"comment_status":"open","ping_status":"open","sticky":false,"template":"","format":"standard","meta":{"footnotes":""},"categories":[18,7],"tags":[561,945,1310],"class_list":["post-17591","post","type-post","status-publish","format-standard","has-post-thumbnail","hentry","category-noticias-principales","category-notas-de-prensa","tag-petare","tag-recursos","tag-usaid"],"_links":{"self":[{"href":"https:\/\/prensapresidencialvenezuela.gob.ve\/index.php\/wp-json\/wp\/v2\/posts\/17591","targetHints":{"allow":["GET"]}}],"collection":[{"href":"https:\/\/prensapresidencialvenezuela.gob.ve\/index.php\/wp-json\/wp\/v2\/posts"}],"about":[{"href":"https:\/\/prensapresidencialvenezuela.gob.ve\/index.php\/wp-json\/wp\/v2\/types\/post"}],"author":[{"embeddable":true,"href":"https:\/\/prensapresidencialvenezuela.gob.ve\/index.php\/wp-json\/wp\/v2\/users\/1"}],"replies":[{"embeddable":true,"href":"https:\/\/prensapresidencialvenezuela.gob.ve\/index.php\/wp-json\/wp\/v2\/comments?post=17591"}],"version-history":[{"count":1,"href":"https:\/\/prensapresidencialvenezuela.gob.ve\/index.php\/wp-json\/wp\/v2\/posts\/17591\/revisions"}],"predecessor-version":[{"id":17593,"href":"https:\/\/prensapresidencialvenezuela.gob.ve\/index.php\/wp-json\/wp\/v2\/posts\/17591\/revisions\/17593"}],"wp:featuredmedia":[{"embeddable":true,"href":"https:\/\/prensapresidencialvenezuela.gob.ve\/index.php\/wp-json\/wp\/v2\/media\/17592"}],"wp:attachment":[{"href":"https:\/\/prensapresidencialvenezuela.gob.ve\/index.php\/wp-json\/wp\/v2\/media?parent=17591"}],"wp:term":[{"taxonomy":"category","embeddable":true,"href":"https:\/\/prensapresidencialvenezuela.gob.ve\/index.php\/wp-json\/wp\/v2\/categories?post=17591"},{"taxonomy":"post_tag","embeddable":true,"href":"https:\/\/prensapresidencialvenezuela.gob.ve\/index.php\/wp-json\/wp\/v2\/tags?post=17591"}],"curies":[{"name":"wp","href":"https:\/\/api.w.org\/{rel}","templated":true}]}}