{"id":17594,"date":"2025-02-21T20:28:49","date_gmt":"2025-02-22T00:28:49","guid":{"rendered":"https:\/\/prensapresidencialvenezuela.gob.ve\/?p=17594"},"modified":"2025-02-21T20:28:49","modified_gmt":"2025-02-22T00:28:49","slug":"gobierno-nacional-revela-conexion-del-expresidente-ivan-duque-con-el-crimen-organizado","status":"publish","type":"post","link":"https:\/\/prensapresidencialvenezuela.gob.ve\/index.php\/2025\/02\/21\/gobierno-nacional-revela-conexion-del-expresidente-ivan-duque-con-el-crimen-organizado\/","title":{"rendered":"Gobierno nacional revela conexi\u00f3n del expresidente Iv\u00e1n Duque con el crimen organizado"},"content":{"rendered":"\n<p><strong>La Urbina, estado Miranda.- <\/strong>En un acto contundente, el presidente Nicol\u00e1s Maduro inform\u00f3 por primera vez que el exmandatario colombiano, Iv\u00e1n Duque, fue quien facilit\u00f3 la fuga del delincuente H\u00e9ctor Rusthenford Guerrero Flores, conocido como \u00abNi\u00f1o Guerrero\u00bb.<\/p>\n\n\n\n<p>El jefe de Estado enfatiz\u00f3 que la complicidad de Duque en este caso no solo revela un v\u00ednculo con el crimen, sino tambi\u00e9n un patr\u00f3n que se ha intensificado desde su administraci\u00f3n.<\/p>\n\n\n\n<p>\u00ab\u00bfQui\u00e9n se lo llev\u00f3 para C\u00facuta y a Bucaramanga, al Ni\u00f1o Guerrero? \u00bfQui\u00e9n se lo llev\u00f3? Iv\u00e1n Duque, cuando era presidente de Colombia\u00bb, destac\u00f3 el Presidente, subrayando por primera vez la conexi\u00f3n directa entre Duque y la fuga de uno de los criminales m\u00e1s buscados de Venezuela.<\/p>\n\n\n\n<p>\u00abYa basta. Hemos pasado esta informaci\u00f3n muchas veces a la Polic\u00eda de Colombia y no han hecho nada, tenemos las pruebas\u00bb, afirm\u00f3 el Mandatario, quien se hace eco del clamor popular por justicia.<\/p>\n\n\n\n<p>El Presidente continu\u00f3 exponiendo una red m\u00e1s amplia de complicidades, que vinculan a Duque con figuras de la oposici\u00f3n venezolana y con el crecimiento del grupo criminal conocido como \u00abEl Tren de Aragua\u00bb.<\/p>\n\n\n\n<p>\u00abIv\u00e1n Duque, \u00c1lvaro Uribe, en complicidad con David Smolansky, Leopoldo L\u00f3pez, Mar\u00eda Corina Machado, Julio Borges y Antonio Ledezma, expandieron este grupo armado por Ecuador, Per\u00fa, Chile y Estados Unidos\u00bb, denunci\u00f3, advirtiendo sobre un claro riesgo para la seguridad regional.<\/p>\n\n\n\n<p>En su revelador discurso, el jefe de Estado inst\u00f3 al actual presidente colombiano, Gustavo Petro, a investigar a estas bandas respaldadas por Duque, se\u00f1alando que es fundamental para la paz y la seguridad en ambos pa\u00edses.<\/p>\n\n\n\n<p>\u00abNo nos vamos a cansar de denunciarlos, de decirlo hasta que podamos lograr la justicia sobre todos los delincuentes del pa\u00eds\u00bb, asegur\u00f3 el mandatario, resonando con un sentido de urgencia y responsabilidad.<\/p>\n\n\n\n<p>Maduro tambi\u00e9n record\u00f3 un episodio inquietante durante el mandato de Duque, fechando un v\u00ednculo entre el crimen organizado y la pol\u00edtica. Mencion\u00f3 a Carlos Luis Revette, alias \u00abEl Koki\u00bb, a quien Duque hab\u00eda tratado como un h\u00e9roe.<\/p>\n\n\n\n<p>&nbsp;Este mismo delincuente fue abatido recientemente en un enfrentamiento con las fuerzas de seguridad en Las Tejer\u00edas, estado Aragua. Este comentario refleja la iron\u00eda de l\u00edderes que a menudo eligen cerrar los ojos ante la criminalidad, en vez de confrontarla.<\/p>\n\n\n\n<p>El enfoque del presidente Maduro revela, no solo una defensa de la soberan\u00eda venezolana, sino un llamado a la unidad regional para enfrentar las amenazas del crimen organizado.<\/p>\n\n\n\n<p>A medida que las tensiones pol\u00edticas aumentan, el Presidente promete continuar su lucha en pro de la justicia, un tema que resuena profundamente entre las huellas de un pasado lleno de contradicciones y desaf\u00edos en Am\u00e9rica Latina.<\/p>\n\n\n\n<p><strong>Prensa Presidencia\/ Luis Tavera<\/strong><\/p>\n","protected":false},"excerpt":{"rendered":"<p>La Urbina, estado Miranda.- En un acto contundente, el presidente Nicol\u00e1s Maduro inform\u00f3 por primera vez que el exmandatario colombiano, Iv\u00e1n Duque, fue quien facilit\u00f3 la fuga del delincuente H\u00e9ctor Rusthenford Guerrero Flores, conocido como \u00abNi\u00f1o Guerrero\u00bb. El jefe de Estado enfatiz\u00f3 que la complicidad de Duque en este caso no solo revela un v\u00ednculo [&hellip;]<\/p>\n","protected":false},"author":1,"featured_media":17595,"comment_status":"open","ping_status":"open","sticky":false,"template":"","format":"standard","meta":{"footnotes":""},"categories":[18,7],"tags":[1400,1109,1399],"class_list":["post-17594","post","type-post","status-publish","format-standard","has-post-thumbnail","hentry","category-noticias-principales","category-notas-de-prensa","tag-conexion","tag-desestabilizacion","tag-duque"],"_links":{"self":[{"href":"https:\/\/prensapresidencialvenezuela.gob.ve\/index.php\/wp-json\/wp\/v2\/posts\/17594","targetHints":{"allow":["GET"]}}],"collection":[{"href":"https:\/\/prensapresidencialvenezuela.gob.ve\/index.php\/wp-json\/wp\/v2\/posts"}],"about":[{"href":"https:\/\/prensapresidencialvenezuela.gob.ve\/index.php\/wp-json\/wp\/v2\/types\/post"}],"author":[{"embeddable":true,"href":"https:\/\/prensapresidencialvenezuela.gob.ve\/index.php\/wp-json\/wp\/v2\/users\/1"}],"replies":[{"embeddable":true,"href":"https:\/\/prensapresidencialvenezuela.gob.ve\/index.php\/wp-json\/wp\/v2\/comments?post=17594"}],"version-history":[{"count":1,"href":"https:\/\/prensapresidencialvenezuela.gob.ve\/index.php\/wp-json\/wp\/v2\/posts\/17594\/revisions"}],"predecessor-version":[{"id":17596,"href":"https:\/\/prensapresidencialvenezuela.gob.ve\/index.php\/wp-json\/wp\/v2\/posts\/17594\/revisions\/17596"}],"wp:featuredmedia":[{"embeddable":true,"href":"https:\/\/prensapresidencialvenezuela.gob.ve\/index.php\/wp-json\/wp\/v2\/media\/17595"}],"wp:attachment":[{"href":"https:\/\/prensapresidencialvenezuela.gob.ve\/index.php\/wp-json\/wp\/v2\/media?parent=17594"}],"wp:term":[{"taxonomy":"category","embeddable":true,"href":"https:\/\/prensapresidencialvenezuela.gob.ve\/index.php\/wp-json\/wp\/v2\/categories?post=17594"},{"taxonomy":"post_tag","embeddable":true,"href":"https:\/\/prensapresidencialvenezuela.gob.ve\/index.php\/wp-json\/wp\/v2\/tags?post=17594"}],"curies":[{"name":"wp","href":"https:\/\/api.w.org\/{rel}","templated":true}]}}