{"id":17623,"date":"2025-02-24T20:38:44","date_gmt":"2025-02-25T00:38:44","guid":{"rendered":"https:\/\/prensapresidencialvenezuela.gob.ve\/?p=17623"},"modified":"2025-02-24T20:40:07","modified_gmt":"2025-02-25T00:40:07","slug":"gobierno-nacional-declara-la-constitucion-de-1999-como-la-mas-sobresaliente-de-america-latina-y-el-caribe","status":"publish","type":"post","link":"https:\/\/prensapresidencialvenezuela.gob.ve\/index.php\/2025\/02\/24\/gobierno-nacional-declara-la-constitucion-de-1999-como-la-mas-sobresaliente-de-america-latina-y-el-caribe\/","title":{"rendered":"Gobierno nacional declara la Constituci\u00f3n de 1999 como la m\u00e1s sobresaliente de Am\u00e9rica Latina y el Caribe"},"content":{"rendered":"\n<p><strong>Palacio de Miraflores, Caracas. &#8211;<\/strong><a>En su programa de <\/a><a>los lunes, Con Maduro +, el presidente de la Rep\u00fablica Bolivariana de Venezuela, <\/a>Nicol\u00e1s Maduro, reivindic\u00f3 la Constituci\u00f3n de 1999 como la m\u00e1s sobresaliente de toda Am\u00e9rica Latina y el Caribe.<\/p>\n\n\n\n<p>Record\u00f3 que esta Carta Magna fue el resultado de la labor conjunta del pueblo y del Comandante eterno, Hugo Ch\u00e1vez Fr\u00edas, quien gui\u00f3 la Revoluci\u00f3n Bolivariana hacia la construcci\u00f3n de una nueva era.<\/p>\n\n\n\n<p>El jefe de Estado anunci\u00f3 la inminente Reforma Constitucional, cuyas propuestas fundamentales fueron presentadas ante la Asamblea Nacional el pasado 15 de febrero.<\/p>\n\n\n\n<p>Asegur\u00f3 que el proceso de modernizaci\u00f3n y perfeccionamiento de la Constituci\u00f3n se llevar\u00e1 a cabo siguiendo la senda trazada por h\u00e9roes nacionales como Bol\u00edvar, Ch\u00e1vez, Zamora y Sim\u00f3n Rodr\u00edguez.<\/p>\n\n\n\n<p>El Presidente dej\u00f3 claro que la \u00fanica autoridad capaz de modificar, perfeccionar y ampliar la Constituci\u00f3n es el pueblo soberano de la Rep\u00fablica Bolivariana de Venezuela. En un tono indudablemente firme, inst\u00f3 a la poblaci\u00f3n a involucrarse activamente en este debate, se\u00f1alando que todos tienen un papel en este proceso democr\u00e1tico.<\/p>\n\n\n\n<p>En una cr\u00edtica dirigida a aquellos que en el pasado rechazaron la Constituci\u00f3n, el Mandatario record\u00f3 que muchos de los que hoy la defienden como \u201cintocable\u201d fueron los mismos que intentaron desestabilizarla.<\/p>\n\n\n\n<p>\u201cGente que mand\u00f3 a votar NO, que respald\u00f3 todos los golpes de Estado en este pa\u00eds, ahora se pronuncian a favor de la Constituci\u00f3n\u201d, afirm\u00f3, cuestionando su incoherencia.<\/p>\n\n\n\n<p>El Dignatario extendi\u00f3 una invitaci\u00f3n abierta a todos los sectores de la sociedad: \u201cEste debate es de todos. De aquellos que creen y de quienes sienten escepticismo, de los que dicen \u2018ver para creer\u2019 y de los que creen sin ver. La participaci\u00f3n de cada uno ser\u00e1 vital; los que digan \u2018ver para creer\u2019 al final tambi\u00e9n creer\u00e1n\u201d, concluy\u00f3.<\/p>\n\n\n\n<p><strong>Prensa Presidencial\/ Luis Tavera<\/strong><\/p>\n","protected":false},"excerpt":{"rendered":"<p>Palacio de Miraflores, Caracas. &#8211;En su programa de los lunes, Con Maduro +, el presidente de la Rep\u00fablica Bolivariana de Venezuela, Nicol\u00e1s Maduro, reivindic\u00f3 la Constituci\u00f3n de 1999 como la m\u00e1s sobresaliente de toda Am\u00e9rica Latina y el Caribe. Record\u00f3 que esta Carta Magna fue el resultado de la labor conjunta del pueblo y del [&hellip;]<\/p>\n","protected":false},"author":1,"featured_media":17627,"comment_status":"open","ping_status":"open","sticky":false,"template":"","format":"standard","meta":{"footnotes":""},"categories":[18,7],"tags":[1220,1192,1406],"class_list":["post-17623","post","type-post","status-publish","format-standard","has-post-thumbnail","hentry","category-noticias-principales","category-notas-de-prensa","tag-america","tag-constitucion","tag-latina"],"_links":{"self":[{"href":"https:\/\/prensapresidencialvenezuela.gob.ve\/index.php\/wp-json\/wp\/v2\/posts\/17623","targetHints":{"allow":["GET"]}}],"collection":[{"href":"https:\/\/prensapresidencialvenezuela.gob.ve\/index.php\/wp-json\/wp\/v2\/posts"}],"about":[{"href":"https:\/\/prensapresidencialvenezuela.gob.ve\/index.php\/wp-json\/wp\/v2\/types\/post"}],"author":[{"embeddable":true,"href":"https:\/\/prensapresidencialvenezuela.gob.ve\/index.php\/wp-json\/wp\/v2\/users\/1"}],"replies":[{"embeddable":true,"href":"https:\/\/prensapresidencialvenezuela.gob.ve\/index.php\/wp-json\/wp\/v2\/comments?post=17623"}],"version-history":[{"count":1,"href":"https:\/\/prensapresidencialvenezuela.gob.ve\/index.php\/wp-json\/wp\/v2\/posts\/17623\/revisions"}],"predecessor-version":[{"id":17625,"href":"https:\/\/prensapresidencialvenezuela.gob.ve\/index.php\/wp-json\/wp\/v2\/posts\/17623\/revisions\/17625"}],"wp:featuredmedia":[{"embeddable":true,"href":"https:\/\/prensapresidencialvenezuela.gob.ve\/index.php\/wp-json\/wp\/v2\/media\/17627"}],"wp:attachment":[{"href":"https:\/\/prensapresidencialvenezuela.gob.ve\/index.php\/wp-json\/wp\/v2\/media?parent=17623"}],"wp:term":[{"taxonomy":"category","embeddable":true,"href":"https:\/\/prensapresidencialvenezuela.gob.ve\/index.php\/wp-json\/wp\/v2\/categories?post=17623"},{"taxonomy":"post_tag","embeddable":true,"href":"https:\/\/prensapresidencialvenezuela.gob.ve\/index.php\/wp-json\/wp\/v2\/tags?post=17623"}],"curies":[{"name":"wp","href":"https:\/\/api.w.org\/{rel}","templated":true}]}}