{"id":17639,"date":"2025-02-24T22:01:53","date_gmt":"2025-02-25T02:01:53","guid":{"rendered":"https:\/\/prensapresidencialvenezuela.gob.ve\/?p=17639"},"modified":"2025-02-24T22:01:54","modified_gmt":"2025-02-25T02:01:54","slug":"revolucion-bolivariana-ratifica-vision-incluyente-y-solidaria-para-sus-migrantes","status":"publish","type":"post","link":"https:\/\/prensapresidencialvenezuela.gob.ve\/index.php\/2025\/02\/24\/revolucion-bolivariana-ratifica-vision-incluyente-y-solidaria-para-sus-migrantes\/","title":{"rendered":"Revoluci\u00f3n Bolivariana ratifica visi\u00f3n incluyente y solidaria para sus migrantes"},"content":{"rendered":"\n<p><strong>Palacio de Miraflores, Caracas.-<\/strong> Durante su programa <em>Con Maduro +,<\/em> el presidente Nicol\u00e1s Maduro, subray\u00f3 que \u00abVenezuela tiene un coraz\u00f3n grand\u00edsimo\u00bb, tras describir a la \u00a0Revoluci\u00f3n Bolivariana con una visi\u00f3n incluyente y solidaria para sus migrantes.<\/p>\n\n\n\n<p>\u201c(\u2026) Nuestra Revoluci\u00f3n socialista cristiana, es una revoluci\u00f3n humanista que acoge a sus hijos que tuvieron que ir a sufrir al mundo producto de las sanciones y los incorpora con una visi\u00f3n incluyente solidaria a la recuperaci\u00f3n global del pa\u00eds\u201d, subray\u00f3.<\/p>\n\n\n\n<p>El Mandatario se refiri\u00f3 al regreso de migrantes venezolanos desde Estados Unidos, al destacar que \u00abla inmensa mayor\u00eda de los que han regresado son gente que viene adolorida, que tiene heridas en su alma porque los robaron, los agredieron, los enga\u00f1aron y luego los expulsaron de Estados Unidos\u00bb.<\/p>\n\n\n\n<p>El Jefe de Estado indic\u00f3 que su gobierno ha recibido a estos ciudadanos \u00abcon los brazos abiertos\u00bb y ha trabajado para reintegrarlos en sus comunidades.<\/p>\n\n\n\n<p>\u00abLe hemos pedido a las comunidades, los circuitos comunales que vamos a protegerlo, vamos apoyarlo para que ellos puedan resurgir tambi\u00e9n como est\u00e1 resurgiendo Venezuela\u00bb, resalt\u00f3.<\/p>\n\n\n\n<p>&nbsp;<br>El presidente Maduro record\u00f3 al pueblo venezolano que quienes estigmatizaron a los migrantes venezolanos fueron Julio Borges, Mar\u00eda Corina Machado, Leopoldo L\u00f3pez y Juan Guaid\u00f3 quienes componen la \u201cderecha extremista fracasada\u201d en la Naci\u00f3n.<\/p>\n\n\n\n<p>\u00abEsa migraci\u00f3n fue una v\u00e1lvula de escape de Venezuela cuando nos cayeron los misiles de las sanciones\u00bb, dijo, tras recordar la dr\u00e1stica ca\u00edda de los ingresos del pa\u00eds.<\/p>\n\n\n\n<p><br>El Presidente denunci\u00f3 que estos opositores han hecho campa\u00f1as para desacreditar a Venezuela y a sus migrantes y \u00abest\u00e1n multimillonarios, todos- estos opositores extremistas de derecha- son multimillonarios, robaron la plata en la USAID de la supuesta ayuda humanitaria\u00bb.<\/p>\n\n\n\n<p>Tambi\u00e9n se refiri\u00f3 a la situaci\u00f3n del Tren de Aragua, tras indicar que el Gobierno venezolano ha enfrentado y derrotado a estas bandas criminales.<br><br>Asimismo, en su intervenci\u00f3n reafirm\u00f3 su apoyo a los migrantes que han regresado a suelo venezolano.<\/p>\n\n\n\n<p>\u00abSon gente de trabajo, son gente de bien, es gente que ha sufrido mucho, los robaron los coyotes, los enga\u00f1aron, les hicieron de todo, sufrieron y ahora los quiere estigmatizar\u00bb. Reiter\u00f3 que todos son bienvenidos a su Patria.<\/p>\n\n\n\n<p>En un mensaje a los migrantes el Jefe de Estado tambi\u00e9n les indic\u00f3 que \u201cesperamos que vengan con la lecci\u00f3n aprendida, todos los migrante vuelvan a Venezuela y juntos nos unamos para poner este pa\u00eds a brillar\u201d<\/p>\n\n\n\n<p><strong>Prensa Presidencial \/ Eduardo Hueck<\/strong><\/p>\n","protected":false},"excerpt":{"rendered":"<p>Palacio de Miraflores, Caracas.- Durante su programa Con Maduro +, el presidente Nicol\u00e1s Maduro, subray\u00f3 que \u00abVenezuela tiene un coraz\u00f3n grand\u00edsimo\u00bb, tras describir a la \u00a0Revoluci\u00f3n Bolivariana con una visi\u00f3n incluyente y solidaria para sus migrantes. \u201c(\u2026) Nuestra Revoluci\u00f3n socialista cristiana, es una revoluci\u00f3n humanista que acoge a sus hijos que tuvieron que ir a [&hellip;]<\/p>\n","protected":false},"author":1,"featured_media":17640,"comment_status":"open","ping_status":"open","sticky":false,"template":"","format":"standard","meta":{"footnotes":""},"categories":[18,7],"tags":[904,525,500],"class_list":["post-17639","post","type-post","status-publish","format-standard","has-post-thumbnail","hentry","category-noticias-principales","category-notas-de-prensa","tag-bolivariana","tag-migrantes","tag-revolucion"],"_links":{"self":[{"href":"https:\/\/prensapresidencialvenezuela.gob.ve\/index.php\/wp-json\/wp\/v2\/posts\/17639","targetHints":{"allow":["GET"]}}],"collection":[{"href":"https:\/\/prensapresidencialvenezuela.gob.ve\/index.php\/wp-json\/wp\/v2\/posts"}],"about":[{"href":"https:\/\/prensapresidencialvenezuela.gob.ve\/index.php\/wp-json\/wp\/v2\/types\/post"}],"author":[{"embeddable":true,"href":"https:\/\/prensapresidencialvenezuela.gob.ve\/index.php\/wp-json\/wp\/v2\/users\/1"}],"replies":[{"embeddable":true,"href":"https:\/\/prensapresidencialvenezuela.gob.ve\/index.php\/wp-json\/wp\/v2\/comments?post=17639"}],"version-history":[{"count":1,"href":"https:\/\/prensapresidencialvenezuela.gob.ve\/index.php\/wp-json\/wp\/v2\/posts\/17639\/revisions"}],"predecessor-version":[{"id":17641,"href":"https:\/\/prensapresidencialvenezuela.gob.ve\/index.php\/wp-json\/wp\/v2\/posts\/17639\/revisions\/17641"}],"wp:featuredmedia":[{"embeddable":true,"href":"https:\/\/prensapresidencialvenezuela.gob.ve\/index.php\/wp-json\/wp\/v2\/media\/17640"}],"wp:attachment":[{"href":"https:\/\/prensapresidencialvenezuela.gob.ve\/index.php\/wp-json\/wp\/v2\/media?parent=17639"}],"wp:term":[{"taxonomy":"category","embeddable":true,"href":"https:\/\/prensapresidencialvenezuela.gob.ve\/index.php\/wp-json\/wp\/v2\/categories?post=17639"},{"taxonomy":"post_tag","embeddable":true,"href":"https:\/\/prensapresidencialvenezuela.gob.ve\/index.php\/wp-json\/wp\/v2\/tags?post=17639"}],"curies":[{"name":"wp","href":"https:\/\/api.w.org\/{rel}","templated":true}]}}