{"id":17642,"date":"2025-02-24T22:19:51","date_gmt":"2025-02-25T02:19:51","guid":{"rendered":"https:\/\/prensapresidencialvenezuela.gob.ve\/?p=17642"},"modified":"2025-02-24T22:19:52","modified_gmt":"2025-02-25T02:19:52","slug":"mandatario-nacional-subraya-que-criptoestafa-de-javier-milei-es-una-verguenza-para-america-latina-y-el-caribe","status":"publish","type":"post","link":"https:\/\/prensapresidencialvenezuela.gob.ve\/index.php\/2025\/02\/24\/mandatario-nacional-subraya-que-criptoestafa-de-javier-milei-es-una-verguenza-para-america-latina-y-el-caribe\/","title":{"rendered":"Mandatario nacional subraya que criptoestafa de Javier Milei es una verg\u00fcenza para Am\u00e9rica Latina y el Caribe"},"content":{"rendered":"\n<p><strong>Palacio de Miraflores, Caracas. &#8211;<\/strong>&nbsp; En una contundente edici\u00f3n de su programa multiplataforma \u201cCon Maduro +\u201d, el presidente de la Rep\u00fablica Bolivariana de Venezuela, Nicol\u00e1s Maduro, se pronunci\u00f3 sobre el mandatario argentino Javier Milei, a quien acus\u00f3 de ser el art\u00edfice de una de las estafas m\u00e1s grandes en la historia reciente de Argentina.<\/p>\n\n\n\n<p>Durante la transmisi\u00f3n n\u00famero 72 del programa, el jefe de Estado venezolano &nbsp;expres\u00f3 su desconfianza en que la justicia prevalezca en este caso: \u201cOjal\u00e1 haya justicia, aunque lo dudo\u201d, manifest\u00f3.<\/p>\n\n\n\n<p><strong>Una verg\u00fcenza para Am\u00e9rica Latina<\/strong><\/p>\n\n\n\n<p>El Dignatario venezolano manifest\u00f3 sus cr\u00edticas hacia la administraci\u00f3n de Milei, quien recientemente ha sido se\u00f1alado por m\u00e1s del 63% de la poblaci\u00f3n argentina como culpable del robo m\u00e1s grande perpetrado por un mandatario, como lo revel\u00f3 una&nbsp;encuesta de la consultora Management &amp;Fit, la cual indic\u00f3 adem\u00e1s que&nbsp;el 72%&nbsp; de los opinantes considera inapropiado que el gobernante argentino promocione inversiones financieras.<\/p>\n\n\n\n<p>Los resultados compartidos por este estudio, arrojaron altos niveles de desaprobaci\u00f3n de la gesti\u00f3n de Javier Milei, lo cual refleja un creciente descontento popular.<\/p>\n\n\n\n<p>\u201cMilei es una verg\u00fcenza para Am\u00e9rica Latina y el Caribe. Es todo lo malo que se puede encontrar en una persona y lo pusieron los poderes imperiales\u201d, asever\u00f3 el jefe de Estado venezolano, instando al pueblo argentino a sentir indignaci\u00f3n y verg\u00fcenza por el liderazgo de un individuo tan controvertido.<\/p>\n\n\n\n<p><strong>Indignaci\u00f3n del pueblo argentino<\/strong><\/p>\n\n\n\n<p>Durante su intervenci\u00f3n, el l\u00edder bolivariano reflexion\u00f3 sobre la dignidad del pueblo argentino, planteando la pregunta que resuena entre muchos: \u00ab\u00bfHasta cu\u00e1ndo Milei, que m\u00e1s tiene que hacer?\u00bb, aludiendo a las pol\u00edticas que van en contra de los pensionados y jubilados del pa\u00eds. \u201cAlg\u00fan d\u00eda el pueblo argentino le pasar\u00e1 factura\u201d, advirti\u00f3.<\/p>\n\n\n\n<p>Por su parte, en Argentina, la encuestadora ha reportado La situaci\u00f3n se agrava conforme las pol\u00edticas del actual gobierno contin\u00faan afectando a los sectores m\u00e1s vulnerables de la sociedad.<\/p>\n\n\n\n<p><strong>Prensa Presidencial\/ Luis Tavera<\/strong><\/p>\n","protected":false},"excerpt":{"rendered":"<p>Palacio de Miraflores, Caracas. &#8211;&nbsp; En una contundente edici\u00f3n de su programa multiplataforma \u201cCon Maduro +\u201d, el presidente de la Rep\u00fablica Bolivariana de Venezuela, Nicol\u00e1s Maduro, se pronunci\u00f3 sobre el mandatario argentino Javier Milei, a quien acus\u00f3 de ser el art\u00edfice de una de las estafas m\u00e1s grandes en la historia reciente de Argentina. Durante [&hellip;]<\/p>\n","protected":false},"author":1,"featured_media":17643,"comment_status":"open","ping_status":"open","sticky":false,"template":"","format":"standard","meta":{"footnotes":""},"categories":[18,7],"tags":[1408,1409,838],"class_list":["post-17642","post","type-post","status-publish","format-standard","has-post-thumbnail","hentry","category-noticias-principales","category-notas-de-prensa","tag-criptoestafa","tag-javier","tag-milei"],"_links":{"self":[{"href":"https:\/\/prensapresidencialvenezuela.gob.ve\/index.php\/wp-json\/wp\/v2\/posts\/17642","targetHints":{"allow":["GET"]}}],"collection":[{"href":"https:\/\/prensapresidencialvenezuela.gob.ve\/index.php\/wp-json\/wp\/v2\/posts"}],"about":[{"href":"https:\/\/prensapresidencialvenezuela.gob.ve\/index.php\/wp-json\/wp\/v2\/types\/post"}],"author":[{"embeddable":true,"href":"https:\/\/prensapresidencialvenezuela.gob.ve\/index.php\/wp-json\/wp\/v2\/users\/1"}],"replies":[{"embeddable":true,"href":"https:\/\/prensapresidencialvenezuela.gob.ve\/index.php\/wp-json\/wp\/v2\/comments?post=17642"}],"version-history":[{"count":1,"href":"https:\/\/prensapresidencialvenezuela.gob.ve\/index.php\/wp-json\/wp\/v2\/posts\/17642\/revisions"}],"predecessor-version":[{"id":17644,"href":"https:\/\/prensapresidencialvenezuela.gob.ve\/index.php\/wp-json\/wp\/v2\/posts\/17642\/revisions\/17644"}],"wp:featuredmedia":[{"embeddable":true,"href":"https:\/\/prensapresidencialvenezuela.gob.ve\/index.php\/wp-json\/wp\/v2\/media\/17643"}],"wp:attachment":[{"href":"https:\/\/prensapresidencialvenezuela.gob.ve\/index.php\/wp-json\/wp\/v2\/media?parent=17642"}],"wp:term":[{"taxonomy":"category","embeddable":true,"href":"https:\/\/prensapresidencialvenezuela.gob.ve\/index.php\/wp-json\/wp\/v2\/categories?post=17642"},{"taxonomy":"post_tag","embeddable":true,"href":"https:\/\/prensapresidencialvenezuela.gob.ve\/index.php\/wp-json\/wp\/v2\/tags?post=17642"}],"curies":[{"name":"wp","href":"https:\/\/api.w.org\/{rel}","templated":true}]}}