{"id":17645,"date":"2025-02-24T22:25:53","date_gmt":"2025-02-25T02:25:53","guid":{"rendered":"https:\/\/prensapresidencialvenezuela.gob.ve\/?p=17645"},"modified":"2025-02-24T22:25:54","modified_gmt":"2025-02-25T02:25:54","slug":"plan-mi-bodega-fortalece-la-economia-comunal-de-venezuela","status":"publish","type":"post","link":"https:\/\/prensapresidencialvenezuela.gob.ve\/index.php\/2025\/02\/24\/plan-mi-bodega-fortalece-la-economia-comunal-de-venezuela\/","title":{"rendered":"Plan Mi Bodega fortalece la econom\u00eda comunal de Venezuela"},"content":{"rendered":"\n<p><strong>Palacio de Miraflores, Caracas.-<\/strong>El presidente de la Rep\u00fablica Bolivariana de Venezuela, Nicol\u00e1s Maduro Moros, resalt\u00f3 con relaci\u00f3n al Plan Mi Bodega, que el objetivo principal es expandirse en todo el territorio nacional, con el apoyo de la banca privada y p\u00fablica del pa\u00eds.<\/p>\n\n\n\n<p>Asimismo, mencion\u00f3 que tambi\u00e9n se puede contar con el soporte de los refundados Bancos Comunales para que los abastos y bodegas de las comunidades, cumplan&nbsp; rol de importancia positivo en la producci\u00f3n de calidad, con una buena planificaci\u00f3n en los 5 mil 338 circuitos comunales.<\/p>\n\n\n\n<p>El jefe de Estado tambi\u00e9n a\u00f1adi\u00f3 que se tiene que combinar el Plan Mi Bodega con el comercio electr\u00f3nico, producci\u00f3n y creatividad para la construcci\u00f3n de la econom\u00eda venezolana y las bases de la Suprema Felicidad Social de las familias del pa\u00eds.<\/p>\n\n\n\n<p><strong>Producci\u00f3n nacional<\/strong><\/p>\n\n\n\n<p>En esa \u00e1rea, el ministro del Poder Popular para las Comunas, \u00c1ngel Prado, destac\u00f3 la labor que han realizado los productores andinos de hortalizas, los peque\u00f1os pescadores y creadores del llano, adem\u00e1s de los cultivadores de caf\u00e9, ya que estos cumplen un punto importante en la Naci\u00f3n, ya que \u00abellos salvaron la Patria en los a\u00f1os de la Guerra Econ\u00f3mica m\u00e1s dura, porque llegaron a la capital\u00bb.<\/p>\n\n\n\n<p>En la misma l\u00ednea, agreg\u00f3 que en las bodegas ubicadas en las comunidades, se cuentan con harinas hechas en Socop\u00f3, estado Barinas, exactamente en la&nbsp; Comuna \u00abEl Maizal\u00bb.&nbsp;&nbsp;<\/p>\n\n\n\n<p><strong>Distribuci\u00f3n de alimentos<\/strong><\/p>\n\n\n\n<p>La alcaldesa de Caracas, Carmen Mel\u00e9ndez, inform\u00f3 que a trav\u00e9s de la Integral de Mercados y Almacenes (INMERCA.C.A), se ha logradouna distribuci\u00f3n en m\u00e1s de 930 bodegas, en Caracas, Miranda (Petare, La Dolorita, Higuerote), y en los Valles del Tuy (Ocumare de Tuy) adem\u00e1s de una distribuci\u00f3n de 16 camiones con&nbsp; alimentos que efect\u00faan la reposici\u00f3n semanal en cada punto de venta.&nbsp;<\/p>\n\n\n\n<p>Adicional a estos datos, la Alcaldesa se\u00f1al\u00f3 que tambi\u00e9n se ha logrado esta comercializaci\u00f3n en La Guaira y 14 parroquias del Distrito Capital, beneficiando a las comunidades mediante la estrategia del Punto y C\u00edrculo.&nbsp;<\/p>\n\n\n\n<p><strong>Panader\u00edas comunales<\/strong><\/p>\n\n\n\n<p>Una emprendedora de las bodegas comunitarias, dijo que ella inici\u00f3 su proyecto con el Plan de Recuperaci\u00f3n Econ\u00f3mica, destacando que con esto los habitantes se ahorran hasta un 40% de lo que gastan en supermercados.<\/p>\n\n\n\n<p>Aunado a ello, acot\u00f3 que aparte de las 10 mil bodegueras que se van a generar mediante el Punto y C\u00edrculo, se han beneficiado 375 familias a trav\u00e9s de las comunas.<\/p>\n\n\n\n<p>Mientras, una de las representantes del Frente Panadero Hugo Ch\u00e1vez &nbsp;comunic\u00f3 que en sus panader\u00edas cuentan con panes de coco, acemitas, rellenos, andinos y trenzas dulces, aunque tienen previsto a corto plazo, ofrecer panes elaborados con otras materias primas, como el ocumo, \u00f1ame y yuca.<\/p>\n\n\n\n<p>Por \u00faltimo, el Mandatario Nacional inst\u00f3 a todos los emprendedores del pa\u00eds y a las autoridades pertinentes a continuar regularizando la producci\u00f3n nacional, distribuci\u00f3n y comercio, esto con la finalidad de seguir incrementado la econom\u00eda de Venezuela.<\/p>\n\n\n\n<p><strong>Prensa Presidencial\/Irmary D\u00edaz<\/strong><\/p>\n","protected":false},"excerpt":{"rendered":"<p>Palacio de Miraflores, Caracas.-El presidente de la Rep\u00fablica Bolivariana de Venezuela, Nicol\u00e1s Maduro Moros, resalt\u00f3 con relaci\u00f3n al Plan Mi Bodega, que el objetivo principal es expandirse en todo el territorio nacional, con el apoyo de la banca privada y p\u00fablica del pa\u00eds. Asimismo, mencion\u00f3 que tambi\u00e9n se puede contar con el soporte de los [&hellip;]<\/p>\n","protected":false},"author":1,"featured_media":17646,"comment_status":"open","ping_status":"open","sticky":false,"template":"","format":"standard","meta":{"footnotes":""},"categories":[18,7],"tags":[1410,697,565],"class_list":["post-17645","post","type-post","status-publish","format-standard","has-post-thumbnail","hentry","category-noticias-principales","category-notas-de-prensa","tag-bodega","tag-comunal","tag-plan"],"_links":{"self":[{"href":"https:\/\/prensapresidencialvenezuela.gob.ve\/index.php\/wp-json\/wp\/v2\/posts\/17645","targetHints":{"allow":["GET"]}}],"collection":[{"href":"https:\/\/prensapresidencialvenezuela.gob.ve\/index.php\/wp-json\/wp\/v2\/posts"}],"about":[{"href":"https:\/\/prensapresidencialvenezuela.gob.ve\/index.php\/wp-json\/wp\/v2\/types\/post"}],"author":[{"embeddable":true,"href":"https:\/\/prensapresidencialvenezuela.gob.ve\/index.php\/wp-json\/wp\/v2\/users\/1"}],"replies":[{"embeddable":true,"href":"https:\/\/prensapresidencialvenezuela.gob.ve\/index.php\/wp-json\/wp\/v2\/comments?post=17645"}],"version-history":[{"count":1,"href":"https:\/\/prensapresidencialvenezuela.gob.ve\/index.php\/wp-json\/wp\/v2\/posts\/17645\/revisions"}],"predecessor-version":[{"id":17647,"href":"https:\/\/prensapresidencialvenezuela.gob.ve\/index.php\/wp-json\/wp\/v2\/posts\/17645\/revisions\/17647"}],"wp:featuredmedia":[{"embeddable":true,"href":"https:\/\/prensapresidencialvenezuela.gob.ve\/index.php\/wp-json\/wp\/v2\/media\/17646"}],"wp:attachment":[{"href":"https:\/\/prensapresidencialvenezuela.gob.ve\/index.php\/wp-json\/wp\/v2\/media?parent=17645"}],"wp:term":[{"taxonomy":"category","embeddable":true,"href":"https:\/\/prensapresidencialvenezuela.gob.ve\/index.php\/wp-json\/wp\/v2\/categories?post=17645"},{"taxonomy":"post_tag","embeddable":true,"href":"https:\/\/prensapresidencialvenezuela.gob.ve\/index.php\/wp-json\/wp\/v2\/tags?post=17645"}],"curies":[{"name":"wp","href":"https:\/\/api.w.org\/{rel}","templated":true}]}}