{"id":17648,"date":"2025-02-24T22:43:48","date_gmt":"2025-02-25T02:43:48","guid":{"rendered":"https:\/\/prensapresidencialvenezuela.gob.ve\/?p=17648"},"modified":"2025-02-24T22:43:48","modified_gmt":"2025-02-25T02:43:48","slug":"venezuela-presenta-el-plan-de-inteligencia-artificial-para-el-desarrollo-sostenible","status":"publish","type":"post","link":"https:\/\/prensapresidencialvenezuela.gob.ve\/index.php\/2025\/02\/24\/venezuela-presenta-el-plan-de-inteligencia-artificial-para-el-desarrollo-sostenible\/","title":{"rendered":"Venezuela presenta el Plan de Inteligencia Artificial para el Desarrollo Sostenible"},"content":{"rendered":"\n<p><strong>Palacio de Miraflores, Caracas.-<\/strong> El presidente de la Rep\u00fablica Bolivariana de Venezuela, Nicol\u00e1s Maduro, anunci\u00f3 la implementaci\u00f3n del Plan de Inteligencia Artificial (IA), dise\u00f1ado para transformar la vida del pa\u00eds a trav\u00e9s de la innovaci\u00f3n y la colaboraci\u00f3n.<\/p>\n\n\n\n<p>Durante su intervenci\u00f3n, el Mandatario destac\u00f3 la participaci\u00f3n de cient\u00edficos, tecn\u00f3logos y j\u00f3venes expertos en la elaboraci\u00f3n de este plan.<\/p>\n\n\n\n<p>\u00abVenezuela contar\u00e1 con una Inteligencia Artificial poderosa, nuestra y soberana, destinada al bienestar y el desarrollo sostenible\u00bb, subray\u00f3 el jefe de Estado.<\/p>\n\n\n\n<p>Esta iniciativa re\u00fane a m\u00faltiples actores del \u00e1mbito cient\u00edfico y tecnol\u00f3gico, marcando un compromiso con el futuro del pa\u00eds.<\/p>\n\n\n\n<p><strong>Llamado a la integraci\u00f3n regional<\/strong><\/p>\n\n\n\n<p>El presidente Maduro tambi\u00e9n record\u00f3 la importancia de la Alianza Bolivariana para los Pueblos de Nuestra Am\u00e9rica \u2013 Tratado de Comercio de los Pueblos (ALBA-TCP), en el impulso de esta tecnolog\u00eda.<\/p>\n\n\n\n<p>\u00abProponemos la creaci\u00f3n de una Inteligencia Artificial soberana, IntraAlba, que genere beneficios para todos nuestros pueblos\u00bb, expres\u00f3.<\/p>\n\n\n\n<p><strong>Futuro enfocado en la vida y el desarrollo<\/strong><\/p>\n\n\n\n<p>El jefe de Estado enfatiz\u00f3 que esta nueva herramienta no se utilizar\u00e1 para fines b\u00e9licos ni para la manipulaci\u00f3n.<\/p>\n\n\n\n<p>\u00abImag\u00ednense el poder que tendr\u00e1 para planificar la vida, la econom\u00eda y el desarrollo de la econom\u00eda digital\u00bb, afirm\u00f3. Destac\u00f3 la intenci\u00f3n de combinar conocimientos en ciencia y tecnolog\u00eda con el crecimiento de la econom\u00eda real, impulsando un avance significativo en todas las \u00e1reas de la sociedad.<\/p>\n\n\n\n<p><strong>Prensa Presidencial\/ Luis Tavera<\/strong><\/p>\n","protected":false},"excerpt":{"rendered":"<p>Palacio de Miraflores, Caracas.- El presidente de la Rep\u00fablica Bolivariana de Venezuela, Nicol\u00e1s Maduro, anunci\u00f3 la implementaci\u00f3n del Plan de Inteligencia Artificial (IA), dise\u00f1ado para transformar la vida del pa\u00eds a trav\u00e9s de la innovaci\u00f3n y la colaboraci\u00f3n. Durante su intervenci\u00f3n, el Mandatario destac\u00f3 la participaci\u00f3n de cient\u00edficos, tecn\u00f3logos y j\u00f3venes expertos en la elaboraci\u00f3n [&hellip;]<\/p>\n","protected":false},"author":1,"featured_media":17649,"comment_status":"open","ping_status":"open","sticky":false,"template":"","format":"standard","meta":{"footnotes":""},"categories":[18,7],"tags":[1285,565],"class_list":["post-17648","post","type-post","status-publish","format-standard","has-post-thumbnail","hentry","category-noticias-principales","category-notas-de-prensa","tag-ia","tag-plan"],"_links":{"self":[{"href":"https:\/\/prensapresidencialvenezuela.gob.ve\/index.php\/wp-json\/wp\/v2\/posts\/17648","targetHints":{"allow":["GET"]}}],"collection":[{"href":"https:\/\/prensapresidencialvenezuela.gob.ve\/index.php\/wp-json\/wp\/v2\/posts"}],"about":[{"href":"https:\/\/prensapresidencialvenezuela.gob.ve\/index.php\/wp-json\/wp\/v2\/types\/post"}],"author":[{"embeddable":true,"href":"https:\/\/prensapresidencialvenezuela.gob.ve\/index.php\/wp-json\/wp\/v2\/users\/1"}],"replies":[{"embeddable":true,"href":"https:\/\/prensapresidencialvenezuela.gob.ve\/index.php\/wp-json\/wp\/v2\/comments?post=17648"}],"version-history":[{"count":1,"href":"https:\/\/prensapresidencialvenezuela.gob.ve\/index.php\/wp-json\/wp\/v2\/posts\/17648\/revisions"}],"predecessor-version":[{"id":17650,"href":"https:\/\/prensapresidencialvenezuela.gob.ve\/index.php\/wp-json\/wp\/v2\/posts\/17648\/revisions\/17650"}],"wp:featuredmedia":[{"embeddable":true,"href":"https:\/\/prensapresidencialvenezuela.gob.ve\/index.php\/wp-json\/wp\/v2\/media\/17649"}],"wp:attachment":[{"href":"https:\/\/prensapresidencialvenezuela.gob.ve\/index.php\/wp-json\/wp\/v2\/media?parent=17648"}],"wp:term":[{"taxonomy":"category","embeddable":true,"href":"https:\/\/prensapresidencialvenezuela.gob.ve\/index.php\/wp-json\/wp\/v2\/categories?post=17648"},{"taxonomy":"post_tag","embeddable":true,"href":"https:\/\/prensapresidencialvenezuela.gob.ve\/index.php\/wp-json\/wp\/v2\/tags?post=17648"}],"curies":[{"name":"wp","href":"https:\/\/api.w.org\/{rel}","templated":true}]}}