{"id":17651,"date":"2025-02-24T23:09:40","date_gmt":"2025-02-25T03:09:40","guid":{"rendered":"https:\/\/prensapresidencialvenezuela.gob.ve\/?p=17651"},"modified":"2025-02-24T23:09:41","modified_gmt":"2025-02-25T03:09:41","slug":"presidente-maduro-ordeno-presentar-proyecto-de-ley-de-comercio-electronico-ante-la-an","status":"publish","type":"post","link":"https:\/\/prensapresidencialvenezuela.gob.ve\/index.php\/2025\/02\/24\/presidente-maduro-ordeno-presentar-proyecto-de-ley-de-comercio-electronico-ante-la-an\/","title":{"rendered":"Presidente Maduro orden\u00f3 presentar Proyecto de Ley de Comercio Electr\u00f3nico ante la AN"},"content":{"rendered":"\n<p><strong>Palacio de Miraflores, Caracas.-<\/strong>&nbsp; En un la ruta de transformaci\u00f3n econ\u00f3mica&nbsp; del pa\u00eds, el presidente de la Rep\u00fablica Bolivariana de Venezuela, Nicol\u00e1s Maduro, orden\u00f3 durante su programa semanal, Con Maduro+, la presentaci\u00f3n de un nuevo proyecto de Ley de Comercio Electr\u00f3nico ante la Asamblea Nacional.<\/p>\n\n\n\n<p>&nbsp;Este avance legal tiene como objetivo establecer un marco normativo que impulse y modernice el uso de las plataformas digitales en el pa\u00eds.<\/p>\n\n\n\n<p><strong>Ley moderna al servicio del pueblo<\/strong><\/p>\n\n\n\n<p>El Mandatario afirm\u00f3 que la nueva legislaci\u00f3n ser\u00e1 \u00abmuy moderna y de avanzada\u00bb, subrayando su importancia en el contexto de la creciente digitalizaci\u00f3n.<\/p>\n\n\n\n<p>\u00abEsto tiene mucho que ver con la Ley de Inteligencia Artificial\u00bb, a\u00f1adi\u00f3, sugiriendo un enfoque integral que abarque los avances tecnol\u00f3gicos m\u00e1s innovadores.<\/p>\n\n\n\n<p>Este esfuerzo se alinea con la visi\u00f3n de potenciar el desarrollo de la econom\u00eda digital en Venezuela.<\/p>\n\n\n\n<p><strong>R\u00e9cord de crecimiento en comercio electr\u00f3nico<\/strong><\/p>\n\n\n\n<p>El presidente Maduro destac\u00f3 que Venezuela ha alcanzado un impresionante crecimiento del 4 mil por ciento en el comercio electr\u00f3nico, posicion\u00e1ndose como el \u00fanico pa\u00eds en Latinoam\u00e9rica que ha logrado este r\u00e9cord.<\/p>\n\n\n\n<p>\u201cHoy Venezuela tiene r\u00e9cord en el mundo del crecimiento en el comercio electr\u00f3nico\u201d, enfatiz\u00f3, lo que refuerza la idea de un pa\u00eds en plena transformaci\u00f3n digital.<\/p>\n\n\n\n<p><strong>Apoyo desde el sector financiero y empresarial<\/strong><\/p>\n\n\n\n<p>Sergio Lotartaro, presidente del Banco Digital de los Trabajadores, subray\u00f3 la importancia de ampliar la digitalizaci\u00f3n de los pagos, afirmando que \u00abse sigue llevando la bancarizaci\u00f3n a las comunidades del pa\u00eds\u00bb para facilitar a la poblaci\u00f3n el acceso y uso de las herramientas financieras.<\/p>\n\n\n\n<p>Este compromiso de fomentar la inclusi\u00f3n financiera se erige como una de las bases para el desarrollo sostenible del comercio electr\u00f3nico.<\/p>\n\n\n\n<p><a><\/a>Por su parte, Richard Ujueta, presidente de la C\u00e1mara de Comercio Electr\u00f3nico, enfatiz\u00f3 que \u00abcuando hablamos de comercio electr\u00f3nico tenemos que hablar de econom\u00eda digital\u00bb.<\/p>\n\n\n\n<p>Esto no s\u00f3lo refleja una tendencia mundial sino que tambi\u00e9n posiciona a Venezuela en la vanguardia de la industrializaci\u00f3n digital, capaz de potenciar todos los sectores de la econom\u00eda.<\/p>\n\n\n\n<p><strong>Venezuela, l\u00edder regional en econom\u00eda digital<\/strong><\/p>\n\n\n\n<p>Desde el a\u00f1o 2020 hasta 2024, Venezuela ha generado un crecimiento notable en econom\u00eda digital, siendo el pa\u00eds con mayor avance en la regi\u00f3n.<\/p>\n\n\n\n<p>La banca en l\u00ednea ha experimentado un incremento del 81% en este periodo, superior al 76% del promedio latinoamericano. Este crecimiento no solo refleja una transformaci\u00f3n econ\u00f3mica, sino tambi\u00e9n un cambio cultural hacia la adopci\u00f3n de nuevas tecnolog\u00edas.<\/p>\n\n\n\n<p>El jefe de Estado concluy\u00f3 que el proyecto de Ley de Comercio Electr\u00f3nico se presenta como una oportunidad hist\u00f3rica para que Venezuela se integre m\u00e1s eficazmente en la econom\u00eda digital global, colocando al pueblo en el centro de la revoluci\u00f3n tecnol\u00f3gica del pa\u00eds.<\/p>\n\n\n\n<p><strong>Prensa Presidencial\/ Luis Tavera<\/strong><\/p>\n","protected":false},"excerpt":{"rendered":"<p>Palacio de Miraflores, Caracas.-&nbsp; En un la ruta de transformaci\u00f3n econ\u00f3mica&nbsp; del pa\u00eds, el presidente de la Rep\u00fablica Bolivariana de Venezuela, Nicol\u00e1s Maduro, orden\u00f3 durante su programa semanal, Con Maduro+, la presentaci\u00f3n de un nuevo proyecto de Ley de Comercio Electr\u00f3nico ante la Asamblea Nacional. &nbsp;Este avance legal tiene como objetivo establecer un marco normativo [&hellip;]<\/p>\n","protected":false},"author":1,"featured_media":17652,"comment_status":"open","ping_status":"open","sticky":false,"template":"","format":"standard","meta":{"footnotes":""},"categories":[18,7],"tags":[836,1176,570],"class_list":["post-17651","post","type-post","status-publish","format-standard","has-post-thumbnail","hentry","category-noticias-principales","category-notas-de-prensa","tag-comercio","tag-electronico","tag-proyecto"],"_links":{"self":[{"href":"https:\/\/prensapresidencialvenezuela.gob.ve\/index.php\/wp-json\/wp\/v2\/posts\/17651","targetHints":{"allow":["GET"]}}],"collection":[{"href":"https:\/\/prensapresidencialvenezuela.gob.ve\/index.php\/wp-json\/wp\/v2\/posts"}],"about":[{"href":"https:\/\/prensapresidencialvenezuela.gob.ve\/index.php\/wp-json\/wp\/v2\/types\/post"}],"author":[{"embeddable":true,"href":"https:\/\/prensapresidencialvenezuela.gob.ve\/index.php\/wp-json\/wp\/v2\/users\/1"}],"replies":[{"embeddable":true,"href":"https:\/\/prensapresidencialvenezuela.gob.ve\/index.php\/wp-json\/wp\/v2\/comments?post=17651"}],"version-history":[{"count":1,"href":"https:\/\/prensapresidencialvenezuela.gob.ve\/index.php\/wp-json\/wp\/v2\/posts\/17651\/revisions"}],"predecessor-version":[{"id":17653,"href":"https:\/\/prensapresidencialvenezuela.gob.ve\/index.php\/wp-json\/wp\/v2\/posts\/17651\/revisions\/17653"}],"wp:featuredmedia":[{"embeddable":true,"href":"https:\/\/prensapresidencialvenezuela.gob.ve\/index.php\/wp-json\/wp\/v2\/media\/17652"}],"wp:attachment":[{"href":"https:\/\/prensapresidencialvenezuela.gob.ve\/index.php\/wp-json\/wp\/v2\/media?parent=17651"}],"wp:term":[{"taxonomy":"category","embeddable":true,"href":"https:\/\/prensapresidencialvenezuela.gob.ve\/index.php\/wp-json\/wp\/v2\/categories?post=17651"},{"taxonomy":"post_tag","embeddable":true,"href":"https:\/\/prensapresidencialvenezuela.gob.ve\/index.php\/wp-json\/wp\/v2\/tags?post=17651"}],"curies":[{"name":"wp","href":"https:\/\/api.w.org\/{rel}","templated":true}]}}