{"id":17657,"date":"2025-02-25T00:22:54","date_gmt":"2025-02-25T04:22:54","guid":{"rendered":"https:\/\/prensapresidencialvenezuela.gob.ve\/?p=17657"},"modified":"2025-02-25T12:38:32","modified_gmt":"2025-02-25T16:38:32","slug":"desplegado-gabinete-nacional-para-la-activacion-del-gobierno-popular-y-comunal-con-las-salas-de-cada-comuna","status":"publish","type":"post","link":"https:\/\/prensapresidencialvenezuela.gob.ve\/index.php\/2025\/02\/25\/desplegado-gabinete-nacional-para-la-activacion-del-gobierno-popular-y-comunal-con-las-salas-de-cada-comuna\/","title":{"rendered":"Desplegado Gabinete Nacional para la activaci\u00f3n del Gobierno Popular y Comunal con las salas de cada Comuna"},"content":{"rendered":"\n<p><strong>Palacio de Miraflores, Caracas.-<\/strong>El presidente de la Rep\u00fablica Bolivariana de Venezuela, Nicol\u00e1s Maduro, a prop\u00f3sito del despliegue del Gabinete nacional para activar el Gobierno Popular y Comunal a trav\u00e9s de las salas de cada Comuna, destac\u00f3 que esta es un estrategia para fortalecer la gobernanza desde las bases.<\/p>\n\n\n\n<p>Durante su intervenci\u00f3n, destac\u00f3 que \u00abestamos experimentando que el pueblo gobierne desde el territorio, los vecinos y vecinas empoderados, organizados con el poder pol\u00edtico, social, judicial, militar, econ\u00f3mico y presupuestario de la base\u00bb.<\/p>\n\n\n\n<p>El Mandatario nacional hizo referencia a su observaci\u00f3n sobre el trabajo que realizaron los vicepresidentes sectoriales en el territorio e indic\u00f3 que \u00abel Gobierno-est\u00e1-desplegado como tenemos que ser. Nosotros somos un gobierno obedencial, de profunda estirpe popular, es el pueblo gobernando, presidente pueblo\u00bb.<\/p>\n\n\n\n<p>La vicepresidenta Ejecutiva, Delcy Rodr\u00edguez, tambi\u00e9n se pronunci\u00f3 sobre la iniciativa, al mencionar que \u00abestuvimos desplegados todo el consejo de vicepresidentes sectoriales\u00bb y a\u00f1adi\u00f3 que \u00abel d\u00eda de ma\u00f1ana y mi\u00e9rcoles estar\u00e1n los ministros y ministras activando la sala de los circuitos comunales en todo el territorio nacional\u00bb.<\/p>\n\n\n\n<p>Rodr\u00edguez enfatiz\u00f3 la importancia de gobernar desde el territorio, al se\u00f1alar que \u00abno hay forma de saber y direccionar correctamente una pol\u00edtica p\u00fablica, direccionar recursos para atender las necesidades de la poblaci\u00f3n que no sea desde el territorio\u00bb.<\/p>\n\n\n\n<p>Por su parte, el presidente Maduro subray\u00f3 la necesidad de evitar la improvisaci\u00f3n en la planificaci\u00f3n gubernamental.<\/p>\n\n\n\n<p>\u00abNo se puede hacer los planes en base a la improvisaci\u00f3n en las distintas instancias\u00bb, expres\u00f3 y critic\u00f3 a algunos alcaldes y gobernadores que no se conectan con las necesidades reales de sus comunidades, mencionando casos espec\u00edficos como el del gobernador Manuel Rosales, quien \u00abse la pasa en Miami, en Panam\u00e1 atendiendo su finca, su hacienda all\u00e1 en en costa rica, su cuenta bancaria\u00bb.<\/p>\n\n\n\n<p>El Presidente tambi\u00e9n reflexion\u00f3 sobre su propia gesti\u00f3n y la importancia de escuchar al pueblo.<\/p>\n\n\n\n<p>\u00abUno tiene que conectarse con el pueblo\u00bb, declar\u00f3, tras recordar la creaci\u00f3n del Sistema 1&#215;10 del Buen Gobierno, que ha permitido a los ciudadanos presentar sus denuncias directamente al gobierno.<\/p>\n\n\n\n<p>\u00abVenezuela tiene la bomba at\u00f3mica y se llama Poder Popular, Poder Comunal, circuitos comunales, 5 mil 338 gobiernos populares de base\u00bb, puntualiz\u00f3, al resaltar que las pol\u00edticas p\u00fablicas respondan a las necesidades reales de la poblaci\u00f3n.<\/p>\n\n\n\n<p><strong>Prensa Presidencial \/ Eduardo Hueck<\/strong><\/p>\n\n\n\n<p><\/p>\n","protected":false},"excerpt":{"rendered":"<p>Palacio de Miraflores, Caracas.-El presidente de la Rep\u00fablica Bolivariana de Venezuela, Nicol\u00e1s Maduro, a prop\u00f3sito del despliegue del Gabinete nacional para activar el Gobierno Popular y Comunal a trav\u00e9s de las salas de cada Comuna, destac\u00f3 que esta es un estrategia para fortalecer la gobernanza desde las bases. Durante su intervenci\u00f3n, destac\u00f3 que \u00abestamos experimentando [&hellip;]<\/p>\n","protected":false},"author":1,"featured_media":17658,"comment_status":"open","ping_status":"open","sticky":false,"template":"","format":"standard","meta":{"footnotes":""},"categories":[18,7],"tags":[30,19,27,20],"class_list":["post-17657","post","type-post","status-publish","format-standard","has-post-thumbnail","hentry","category-noticias-principales","category-notas-de-prensa","tag-destacado","tag-nicolas-maduro","tag-revolucion-bolivariana","tag-venezuela"],"_links":{"self":[{"href":"https:\/\/prensapresidencialvenezuela.gob.ve\/index.php\/wp-json\/wp\/v2\/posts\/17657","targetHints":{"allow":["GET"]}}],"collection":[{"href":"https:\/\/prensapresidencialvenezuela.gob.ve\/index.php\/wp-json\/wp\/v2\/posts"}],"about":[{"href":"https:\/\/prensapresidencialvenezuela.gob.ve\/index.php\/wp-json\/wp\/v2\/types\/post"}],"author":[{"embeddable":true,"href":"https:\/\/prensapresidencialvenezuela.gob.ve\/index.php\/wp-json\/wp\/v2\/users\/1"}],"replies":[{"embeddable":true,"href":"https:\/\/prensapresidencialvenezuela.gob.ve\/index.php\/wp-json\/wp\/v2\/comments?post=17657"}],"version-history":[{"count":3,"href":"https:\/\/prensapresidencialvenezuela.gob.ve\/index.php\/wp-json\/wp\/v2\/posts\/17657\/revisions"}],"predecessor-version":[{"id":17672,"href":"https:\/\/prensapresidencialvenezuela.gob.ve\/index.php\/wp-json\/wp\/v2\/posts\/17657\/revisions\/17672"}],"wp:featuredmedia":[{"embeddable":true,"href":"https:\/\/prensapresidencialvenezuela.gob.ve\/index.php\/wp-json\/wp\/v2\/media\/17658"}],"wp:attachment":[{"href":"https:\/\/prensapresidencialvenezuela.gob.ve\/index.php\/wp-json\/wp\/v2\/media?parent=17657"}],"wp:term":[{"taxonomy":"category","embeddable":true,"href":"https:\/\/prensapresidencialvenezuela.gob.ve\/index.php\/wp-json\/wp\/v2\/categories?post=17657"},{"taxonomy":"post_tag","embeddable":true,"href":"https:\/\/prensapresidencialvenezuela.gob.ve\/index.php\/wp-json\/wp\/v2\/tags?post=17657"}],"curies":[{"name":"wp","href":"https:\/\/api.w.org\/{rel}","templated":true}]}}