{"id":17677,"date":"2025-02-25T17:53:51","date_gmt":"2025-02-25T21:53:51","guid":{"rendered":"https:\/\/prensapresidencialvenezuela.gob.ve\/?p=17677"},"modified":"2025-02-25T18:27:49","modified_gmt":"2025-02-25T22:27:49","slug":"presidente-maduro-agradece-al-papa-francisco-por-la-canonizacion-de-jose-gregorio-hernandez","status":"publish","type":"post","link":"https:\/\/prensapresidencialvenezuela.gob.ve\/index.php\/2025\/02\/25\/presidente-maduro-agradece-al-papa-francisco-por-la-canonizacion-de-jose-gregorio-hernandez\/","title":{"rendered":"Presidente Maduro agradece al Papa Francisco por la canonizaci\u00f3n de Jos\u00e9 Gregorio Hern\u00e1ndez"},"content":{"rendered":"\n<p><strong>Palacio de Miraflores, Caracas. &#8211;<\/strong> En una emotiva declaraci\u00f3n a trav\u00e9s de sus redes sociales, el presidente de la Rep\u00fablica Bolivariana de Venezuela, Nicol\u00e1s Maduro, expres\u00f3 su profundo agradecimiento al Papa Francisco por la reciente canonizaci\u00f3n del Dr. Jos\u00e9 Gregorio Hern\u00e1ndez, conocido como el \u00abm\u00e9dico de los pobres\u00bb.<\/p>\n\n\n\n<p>Este hist\u00f3rico gesto es considerado por el Mandatario como un verdadero regalo para la Patria venezolana y un reconocimiento al instinto de compasi\u00f3n que ha caracterizado la vida del ilustre m\u00e9dico.<\/p>\n\n\n\n<p>El jefe de Estado destac\u00f3 la importancia de esta canonizaci\u00f3n, al afirmar: \u201cVenezuela toda agradece al Papa Francisco por su hist\u00f3rico gesto de canonizar al &#8216;m\u00e9dico de los pobres&#8217;, a nuestro Santo, el Dr. Jos\u00e9 Gregorio Hern\u00e1ndez; es un gran paso y regalo que le ha hecho a nuestra Patria.\u201d<\/p>\n\n\n\n<p>En sus palabras, tambi\u00e9n subray\u00f3 el legado de Hern\u00e1ndez, remarcando que \u201cen vida fue el protector de los m\u00e1s humildes y que desde siempre ha hecho el milagro de la salud y la vida para los que m\u00e1s lo han necesitado.\u201d<\/p>\n\n\n\n<p>Adem\u00e1s, el presidente Maduro extendi\u00f3 sus oraciones por la salud del Papa, diciendo: \u201cLe agradezco al Papa por este gesto con Venezuela, sobre todo en este tiempo en el que todos oramos por su salud, bienestar y recuperaci\u00f3n.\u201d<\/p>\n\n\n\n<p>Con un llamado a la gratitud, enfatiz\u00f3 el valor de la reciprocidad en las relaciones humanas: \u201c\u00a1Amor con amor se paga!\u201d<\/p>\n\n\n\n<p>Con estas declaraciones, el Dignatario no s\u00f3lo celebra la canonizaci\u00f3n como una victoria espiritual para el pa\u00eds, sino que tambi\u00e9n refuerza la conexi\u00f3n entre Venezuela y el liderazgo del Papa Francisco, quien manifest\u00f3&nbsp; su inter\u00e9s constante en la situaci\u00f3n del pa\u00eds.<\/p>\n\n\n\n<p><strong>Prensa Presidencial\/ Luis Tavera<\/strong><\/p>\n","protected":false},"excerpt":{"rendered":"<p>Palacio de Miraflores, Caracas. &#8211; En una emotiva declaraci\u00f3n a trav\u00e9s de sus redes sociales, el presidente de la Rep\u00fablica Bolivariana de Venezuela, Nicol\u00e1s Maduro, expres\u00f3 su profundo agradecimiento al Papa Francisco por la reciente canonizaci\u00f3n del Dr. Jos\u00e9 Gregorio Hern\u00e1ndez, conocido como el \u00abm\u00e9dico de los pobres\u00bb. Este hist\u00f3rico gesto es considerado por el [&hellip;]<\/p>\n","protected":false},"author":1,"featured_media":17680,"comment_status":"open","ping_status":"open","sticky":false,"template":"","format":"standard","meta":{"footnotes":""},"categories":[18,7],"tags":[1414,1415],"class_list":["post-17677","post","type-post","status-publish","format-standard","has-post-thumbnail","hentry","category-noticias-principales","category-notas-de-prensa","tag-canonizacion","tag-papa"],"_links":{"self":[{"href":"https:\/\/prensapresidencialvenezuela.gob.ve\/index.php\/wp-json\/wp\/v2\/posts\/17677","targetHints":{"allow":["GET"]}}],"collection":[{"href":"https:\/\/prensapresidencialvenezuela.gob.ve\/index.php\/wp-json\/wp\/v2\/posts"}],"about":[{"href":"https:\/\/prensapresidencialvenezuela.gob.ve\/index.php\/wp-json\/wp\/v2\/types\/post"}],"author":[{"embeddable":true,"href":"https:\/\/prensapresidencialvenezuela.gob.ve\/index.php\/wp-json\/wp\/v2\/users\/1"}],"replies":[{"embeddable":true,"href":"https:\/\/prensapresidencialvenezuela.gob.ve\/index.php\/wp-json\/wp\/v2\/comments?post=17677"}],"version-history":[{"count":2,"href":"https:\/\/prensapresidencialvenezuela.gob.ve\/index.php\/wp-json\/wp\/v2\/posts\/17677\/revisions"}],"predecessor-version":[{"id":17681,"href":"https:\/\/prensapresidencialvenezuela.gob.ve\/index.php\/wp-json\/wp\/v2\/posts\/17677\/revisions\/17681"}],"wp:featuredmedia":[{"embeddable":true,"href":"https:\/\/prensapresidencialvenezuela.gob.ve\/index.php\/wp-json\/wp\/v2\/media\/17680"}],"wp:attachment":[{"href":"https:\/\/prensapresidencialvenezuela.gob.ve\/index.php\/wp-json\/wp\/v2\/media?parent=17677"}],"wp:term":[{"taxonomy":"category","embeddable":true,"href":"https:\/\/prensapresidencialvenezuela.gob.ve\/index.php\/wp-json\/wp\/v2\/categories?post=17677"},{"taxonomy":"post_tag","embeddable":true,"href":"https:\/\/prensapresidencialvenezuela.gob.ve\/index.php\/wp-json\/wp\/v2\/tags?post=17677"}],"curies":[{"name":"wp","href":"https:\/\/api.w.org\/{rel}","templated":true}]}}