{"id":17682,"date":"2025-02-25T20:01:15","date_gmt":"2025-02-26T00:01:15","guid":{"rendered":"https:\/\/prensapresidencialvenezuela.gob.ve\/?p=17682"},"modified":"2025-02-25T20:01:15","modified_gmt":"2025-02-26T00:01:15","slug":"venezuela-inicia-proceso-de-reactivacion-del-poder-constituyente-originario-con-la-creacion-de-comisiones-para-la-reforma-constitucional","status":"publish","type":"post","link":"https:\/\/prensapresidencialvenezuela.gob.ve\/index.php\/2025\/02\/25\/venezuela-inicia-proceso-de-reactivacion-del-poder-constituyente-originario-con-la-creacion-de-comisiones-para-la-reforma-constitucional\/","title":{"rendered":"Venezuela inicia proceso de reactivaci\u00f3n del Poder Constituyente Originario con la creaci\u00f3n de comisiones para la Reforma Constitucional"},"content":{"rendered":"\n<p><strong>Palacio de Miraflores.-<\/strong> En un contexto de renovaci\u00f3n y unidad nacional, el presidente de la Rep\u00fablica Bolivariana de Venezuela, Nicol\u00e1s Maduro, afirm\u00f3 durante la primera reuni\u00f3n de la Comisi\u00f3n Nacional para la Reforma Constitucional, que \u00abVenezuela se encuentra en una fase de reactivaci\u00f3n del Poder Constituyente Originario\u00bb.<\/p>\n\n\n\n<p>Este anuncio marca un paso significativo hacia un proceso de reforma profunda, que pretende prevenir las pol\u00edticas de violencia y desestabilizaci\u00f3n impulsadas por ciertos sectores de la oposici\u00f3n.<\/p>\n\n\n\n<p>En su discurso, el Mandatario resalt\u00f3 la importancia de que \u00abel inicio de la reuni\u00f3n con la Comisi\u00f3n Nacional para la Reforma Constitucional contiene ideas y objetivos claros, para que el pueblo venezolano sepa de qu\u00e9 se trata la reforma, donde nadie pueda manipular con campa\u00f1as de mentiras y de miedo\u00bb.<\/p>\n\n\n\n<p>Esta declaraci\u00f3n refleja la intenci\u00f3n de construir un consenso social alrededor de la futura Constituci\u00f3n, garantizando as\u00ed la participaci\u00f3n de la ciudadan\u00eda en este proceso vital.<\/p>\n\n\n\n<p>Las comisiones designadas tendr\u00e1n las siguientes funciones y coordinadores:<\/p>\n\n\n\n<p>&#8211; Comisi\u00f3n de Transformaci\u00f3n, Modernizaci\u00f3n y Ampliaci\u00f3n Democr\u00e1tica: Liderada por el presidente de la Asamblea Nacional, Jorge Rodr\u00edguez, enfocada en fortalecer la participaci\u00f3n ciudadana y la democracia.<\/p>\n\n\n\n<p>&#8211; Comisi\u00f3n de los Principios y Valores de la Nueva Sociedad: Coordinada por el fiscal general Tarek William Saab. Su misi\u00f3n es revisar y redefinir los valores esenciales para el nuevo contexto social venezolano.<\/p>\n\n\n\n<p>&#8211; Comisi\u00f3n para la Actualizaci\u00f3n de la Constituci\u00f3n: A cargo de la primera dama y diputada a la Asamblea Nacional; Cilia Flores, esta comisi\u00f3n identificar\u00e1 las \u00e1reas que necesitan actualizaci\u00f3n para adaptarse a las exigencias contempor\u00e1neas.<\/p>\n\n\n\n<p>&#8211; Comisi\u00f3n para el Nuevo Modelo Econ\u00f3mico Diversificado: Con la vicepresidenta ejecutiva Delcy Rodr\u00edguez como coordinadora, se centrar\u00e1 en promover un modelo econ\u00f3mico diversificado y sustentable.<\/p>\n\n\n\n<p>La iniciativa del presidente Maduro refleja un compromiso renovado hacia la participaci\u00f3n democr\u00e1tica y la b\u00fasqueda de consensos en la construcci\u00f3n de una nueva realidad constitucional en Venezuela.<\/p>\n\n\n\n<p><strong>Prensa Presidencial\/ Luis Tavera<\/strong><\/p>\n","protected":false},"excerpt":{"rendered":"<p>Palacio de Miraflores.- En un contexto de renovaci\u00f3n y unidad nacional, el presidente de la Rep\u00fablica Bolivariana de Venezuela, Nicol\u00e1s Maduro, afirm\u00f3 durante la primera reuni\u00f3n de la Comisi\u00f3n Nacional para la Reforma Constitucional, que \u00abVenezuela se encuentra en una fase de reactivaci\u00f3n del Poder Constituyente Originario\u00bb. Este anuncio marca un paso significativo hacia un [&hellip;]<\/p>\n","protected":false},"author":1,"featured_media":17683,"comment_status":"open","ping_status":"open","sticky":false,"template":"","format":"standard","meta":{"footnotes":""},"categories":[18,7],"tags":[1250,1249],"class_list":["post-17682","post","type-post","status-publish","format-standard","has-post-thumbnail","hentry","category-noticias-principales","category-notas-de-prensa","tag-constitucional","tag-reforma"],"_links":{"self":[{"href":"https:\/\/prensapresidencialvenezuela.gob.ve\/index.php\/wp-json\/wp\/v2\/posts\/17682","targetHints":{"allow":["GET"]}}],"collection":[{"href":"https:\/\/prensapresidencialvenezuela.gob.ve\/index.php\/wp-json\/wp\/v2\/posts"}],"about":[{"href":"https:\/\/prensapresidencialvenezuela.gob.ve\/index.php\/wp-json\/wp\/v2\/types\/post"}],"author":[{"embeddable":true,"href":"https:\/\/prensapresidencialvenezuela.gob.ve\/index.php\/wp-json\/wp\/v2\/users\/1"}],"replies":[{"embeddable":true,"href":"https:\/\/prensapresidencialvenezuela.gob.ve\/index.php\/wp-json\/wp\/v2\/comments?post=17682"}],"version-history":[{"count":1,"href":"https:\/\/prensapresidencialvenezuela.gob.ve\/index.php\/wp-json\/wp\/v2\/posts\/17682\/revisions"}],"predecessor-version":[{"id":17684,"href":"https:\/\/prensapresidencialvenezuela.gob.ve\/index.php\/wp-json\/wp\/v2\/posts\/17682\/revisions\/17684"}],"wp:featuredmedia":[{"embeddable":true,"href":"https:\/\/prensapresidencialvenezuela.gob.ve\/index.php\/wp-json\/wp\/v2\/media\/17683"}],"wp:attachment":[{"href":"https:\/\/prensapresidencialvenezuela.gob.ve\/index.php\/wp-json\/wp\/v2\/media?parent=17682"}],"wp:term":[{"taxonomy":"category","embeddable":true,"href":"https:\/\/prensapresidencialvenezuela.gob.ve\/index.php\/wp-json\/wp\/v2\/categories?post=17682"},{"taxonomy":"post_tag","embeddable":true,"href":"https:\/\/prensapresidencialvenezuela.gob.ve\/index.php\/wp-json\/wp\/v2\/tags?post=17682"}],"curies":[{"name":"wp","href":"https:\/\/api.w.org\/{rel}","templated":true}]}}