{"id":17685,"date":"2025-02-25T20:43:57","date_gmt":"2025-02-26T00:43:57","guid":{"rendered":"https:\/\/prensapresidencialvenezuela.gob.ve\/?p=17685"},"modified":"2025-02-25T20:43:58","modified_gmt":"2025-02-26T00:43:58","slug":"fiscal-general-tarek-william-saab-resalta-compromiso-con-la-revolucion-bolivariana-y-la-reforma-constitucional","status":"publish","type":"post","link":"https:\/\/prensapresidencialvenezuela.gob.ve\/index.php\/2025\/02\/25\/fiscal-general-tarek-william-saab-resalta-compromiso-con-la-revolucion-bolivariana-y-la-reforma-constitucional\/","title":{"rendered":"Fiscal General Tarek William Saab resalta compromiso con la Revoluci\u00f3n Bolivariana y la Reforma Constitucional"},"content":{"rendered":"\n<p><strong>Palacio de Miraflores, Caracas.-<\/strong> El Fiscal General de la Rep\u00fablica Bolivariana de Venezuela, Tarek William Saab, reafirm\u00f3 su firme compromiso con la construcci\u00f3n de una nueva sociedad en Venezuela, en una intervenci\u00f3n cargada de fervor revolucionario y prop\u00f3sito pol\u00edtico.<\/p>\n\n\n\n<p>Durante la primera Reuni\u00f3n de la Comisi\u00f3n Nacional para la Reforma Constitucional liderada por el presidente Nicol\u00e1s Maduro y los representantes de las cuatro comisiones designadas, Saab subray\u00f3 que \u201cse ha trabajado con mucha disciplina\u201d, siguiendo las directrices establecidas por el Mandatario nacional.<\/p>\n\n\n\n<p>En un contexto de transformaci\u00f3n, el Fiscal General destac\u00f3 la importancia de integrar nuevas tecnolog\u00edas en la creaci\u00f3n de un entorno m\u00e1s humano, enfoc\u00e1ndose en el bienestar de los sectores m\u00e1s vulnerables.<\/p>\n\n\n\n<p>\u201cLa construcci\u00f3n de una nueva sociedad, con valores humanos, es un trabajo de largo alcance\u201d, afirm\u00f3, insistiendo en que dicha transformaci\u00f3n es un pilar fundamental del trabajo que se realiza.<\/p>\n\n\n\n<p>Saab, quien tambi\u00e9n preside la Comisi\u00f3n Nacional para la Reforma Constitucional 2025, enfatiz\u00f3 que el pueblo venezolano pronto ser\u00e1 testigo de resultados \u201casombrosos, por lo positivos y unificadores\u201d que provendr\u00e1n de esta reforma.<\/p>\n\n\n\n<p>Asegur\u00f3 que la esencia de esta iniciativa se basa en los lineamientos de la constituyente del a\u00f1o 1999, un marco que ha guiado su trabajo hasta el presente.<\/p>\n\n\n\n<p>Los l\u00edderes de las distintas comisiones de trabajo, incluido el presidente de la Asamblea Nacional, Jorge Rodr\u00edguez, la primera dama y diputada a la Asamblea Nacional, Cilia Flores; la vicepresidenta ejecutiva Delcy Rodr\u00edguez&nbsp; y el Fiscal General, forman un equipo de primera l\u00ednea dedicado a materializar la visi\u00f3n del presidente Maduro.<\/p>\n\n\n\n<p>En su discurso, Saab agreg\u00f3 la importancia del Poder Comunal, se\u00f1alando que este jugar\u00e1 un papel protag\u00f3nico en el proceso reformista, un aspecto que \u201cha calado en nuestra gente\u201d.<\/p>\n\n\n\n<p><strong>Prensa Presidencial\/ Luis Tavera<\/strong><\/p>\n","protected":false},"excerpt":{"rendered":"<p>Palacio de Miraflores, Caracas.- El Fiscal General de la Rep\u00fablica Bolivariana de Venezuela, Tarek William Saab, reafirm\u00f3 su firme compromiso con la construcci\u00f3n de una nueva sociedad en Venezuela, en una intervenci\u00f3n cargada de fervor revolucionario y prop\u00f3sito pol\u00edtico. Durante la primera Reuni\u00f3n de la Comisi\u00f3n Nacional para la Reforma Constitucional liderada por el presidente [&hellip;]<\/p>\n","protected":false},"author":1,"featured_media":17686,"comment_status":"open","ping_status":"open","sticky":false,"template":"","format":"standard","meta":{"footnotes":""},"categories":[18,7],"tags":[788,1416,1249],"class_list":["post-17685","post","type-post","status-publish","format-standard","has-post-thumbnail","hentry","category-noticias-principales","category-notas-de-prensa","tag-compromiso","tag-fiscal","tag-reforma"],"_links":{"self":[{"href":"https:\/\/prensapresidencialvenezuela.gob.ve\/index.php\/wp-json\/wp\/v2\/posts\/17685","targetHints":{"allow":["GET"]}}],"collection":[{"href":"https:\/\/prensapresidencialvenezuela.gob.ve\/index.php\/wp-json\/wp\/v2\/posts"}],"about":[{"href":"https:\/\/prensapresidencialvenezuela.gob.ve\/index.php\/wp-json\/wp\/v2\/types\/post"}],"author":[{"embeddable":true,"href":"https:\/\/prensapresidencialvenezuela.gob.ve\/index.php\/wp-json\/wp\/v2\/users\/1"}],"replies":[{"embeddable":true,"href":"https:\/\/prensapresidencialvenezuela.gob.ve\/index.php\/wp-json\/wp\/v2\/comments?post=17685"}],"version-history":[{"count":1,"href":"https:\/\/prensapresidencialvenezuela.gob.ve\/index.php\/wp-json\/wp\/v2\/posts\/17685\/revisions"}],"predecessor-version":[{"id":17687,"href":"https:\/\/prensapresidencialvenezuela.gob.ve\/index.php\/wp-json\/wp\/v2\/posts\/17685\/revisions\/17687"}],"wp:featuredmedia":[{"embeddable":true,"href":"https:\/\/prensapresidencialvenezuela.gob.ve\/index.php\/wp-json\/wp\/v2\/media\/17686"}],"wp:attachment":[{"href":"https:\/\/prensapresidencialvenezuela.gob.ve\/index.php\/wp-json\/wp\/v2\/media?parent=17685"}],"wp:term":[{"taxonomy":"category","embeddable":true,"href":"https:\/\/prensapresidencialvenezuela.gob.ve\/index.php\/wp-json\/wp\/v2\/categories?post=17685"},{"taxonomy":"post_tag","embeddable":true,"href":"https:\/\/prensapresidencialvenezuela.gob.ve\/index.php\/wp-json\/wp\/v2\/tags?post=17685"}],"curies":[{"name":"wp","href":"https:\/\/api.w.org\/{rel}","templated":true}]}}