{"id":17688,"date":"2025-02-25T21:07:08","date_gmt":"2025-02-26T01:07:08","guid":{"rendered":"https:\/\/prensapresidencialvenezuela.gob.ve\/?p=17688"},"modified":"2025-02-25T21:07:08","modified_gmt":"2025-02-26T01:07:08","slug":"pueblo-unido-en-oracion-por-la-salud-del-papa-francisco","status":"publish","type":"post","link":"https:\/\/prensapresidencialvenezuela.gob.ve\/index.php\/2025\/02\/25\/pueblo-unido-en-oracion-por-la-salud-del-papa-francisco\/","title":{"rendered":"Pueblo unido en oraci\u00f3n por la salud del Papa Francisco"},"content":{"rendered":"\n<p><strong>Palacio de Miraflores, Caracas \u2013<\/strong> Para este mi\u00e9rcoles 26 de febrero, a las 7:00 PM, el presidente de la Rep\u00fablica Bolivariana de Venezuela, Nicol\u00e1s Maduro, hizo un llamado a la Naci\u00f3n, con el prop\u00f3sito de elevar una oraci\u00f3n colectiva por la salud del Papa Francisco.<\/p>\n\n\n\n<p>\u00abEl Papa Francisco nunca ha abandonado a Venezuela\u00bb, subray\u00f3 el jefe de Estado, reconociendo el compromiso del Santo Padre con el pueblo venezolano, manifestado en gestos como la canonizaci\u00f3n del beato Jos\u00e9 Gregorio Hern\u00e1ndez.<\/p>\n\n\n\n<p><strong>Un v\u00ednculo hist\u00f3rico con Venezuela<\/strong><\/p>\n\n\n\n<p>Durante su intervenci\u00f3n, el Mandatario venezolano destac\u00f3 que el Papa se ha \u00abganado el coraz\u00f3n de Venezuela por m\u00e1s de diez siglos\u00bb.<\/p>\n\n\n\n<p>Expres\u00f3 que la preocupaci\u00f3n y el amor del Santo Padre con el pueblo venezolano ha sido evidente y envi\u00f3 bendiciones al Papa por su pronta recuperaci\u00f3n, reflejando el j\u00fabilo de los venezolanos ante la noticia de la canonizaci\u00f3n del Dr. &nbsp;Jos\u00e9 Gregorio Hern\u00e1ndez<\/p>\n\n\n\n<p>Finalmente, el presidente Nicol\u00e1s Maduro anunci\u00f3 que, ser\u00e1 enviada la obra mosaica del artista Luis Enrique Mogoll\u00f3n al Papa Francisco para que lo acompa\u00f1e, como s\u00edmbolo de agradecimiento de todos los venezolanos.<\/p>\n\n\n\n<p><strong>Prensa Presidencial\/ Luis Tavera<\/strong><\/p>\n","protected":false},"excerpt":{"rendered":"<p>Palacio de Miraflores, Caracas \u2013 Para este mi\u00e9rcoles 26 de febrero, a las 7:00 PM, el presidente de la Rep\u00fablica Bolivariana de Venezuela, Nicol\u00e1s Maduro, hizo un llamado a la Naci\u00f3n, con el prop\u00f3sito de elevar una oraci\u00f3n colectiva por la salud del Papa Francisco. \u00abEl Papa Francisco nunca ha abandonado a Venezuela\u00bb, subray\u00f3 el [&hellip;]<\/p>\n","protected":false},"author":1,"featured_media":17689,"comment_status":"open","ping_status":"open","sticky":false,"template":"","format":"standard","meta":{"footnotes":""},"categories":[18,7],"tags":[1417,1170,1415],"class_list":["post-17688","post","type-post","status-publish","format-standard","has-post-thumbnail","hentry","category-noticias-principales","category-notas-de-prensa","tag-francisco","tag-oracion","tag-papa"],"_links":{"self":[{"href":"https:\/\/prensapresidencialvenezuela.gob.ve\/index.php\/wp-json\/wp\/v2\/posts\/17688","targetHints":{"allow":["GET"]}}],"collection":[{"href":"https:\/\/prensapresidencialvenezuela.gob.ve\/index.php\/wp-json\/wp\/v2\/posts"}],"about":[{"href":"https:\/\/prensapresidencialvenezuela.gob.ve\/index.php\/wp-json\/wp\/v2\/types\/post"}],"author":[{"embeddable":true,"href":"https:\/\/prensapresidencialvenezuela.gob.ve\/index.php\/wp-json\/wp\/v2\/users\/1"}],"replies":[{"embeddable":true,"href":"https:\/\/prensapresidencialvenezuela.gob.ve\/index.php\/wp-json\/wp\/v2\/comments?post=17688"}],"version-history":[{"count":1,"href":"https:\/\/prensapresidencialvenezuela.gob.ve\/index.php\/wp-json\/wp\/v2\/posts\/17688\/revisions"}],"predecessor-version":[{"id":17690,"href":"https:\/\/prensapresidencialvenezuela.gob.ve\/index.php\/wp-json\/wp\/v2\/posts\/17688\/revisions\/17690"}],"wp:featuredmedia":[{"embeddable":true,"href":"https:\/\/prensapresidencialvenezuela.gob.ve\/index.php\/wp-json\/wp\/v2\/media\/17689"}],"wp:attachment":[{"href":"https:\/\/prensapresidencialvenezuela.gob.ve\/index.php\/wp-json\/wp\/v2\/media?parent=17688"}],"wp:term":[{"taxonomy":"category","embeddable":true,"href":"https:\/\/prensapresidencialvenezuela.gob.ve\/index.php\/wp-json\/wp\/v2\/categories?post=17688"},{"taxonomy":"post_tag","embeddable":true,"href":"https:\/\/prensapresidencialvenezuela.gob.ve\/index.php\/wp-json\/wp\/v2\/tags?post=17688"}],"curies":[{"name":"wp","href":"https:\/\/api.w.org\/{rel}","templated":true}]}}