{"id":17700,"date":"2025-02-26T17:47:03","date_gmt":"2025-02-26T21:47:03","guid":{"rendered":"https:\/\/prensapresidencialvenezuela.gob.ve\/?p=17700"},"modified":"2025-02-26T17:50:54","modified_gmt":"2025-02-26T21:50:54","slug":"presidente-activa-la-sexta-transformacion-del-plan-7t","status":"publish","type":"post","link":"https:\/\/prensapresidencialvenezuela.gob.ve\/index.php\/2025\/02\/26\/presidente-activa-la-sexta-transformacion-del-plan-7t\/","title":{"rendered":"Presidente activa la Sexta Transformaci\u00f3n del Plan 7T"},"content":{"rendered":"\n<p><strong>Parque Zool\u00f3gico Caricuao, Caracas.- <\/strong>El presidente de la Rep\u00fablica Bolivariana de Venezuela, Nicol\u00e1s Maduro Moros, lidera una jornada de trabajo a prop\u00f3sito de la activaci\u00f3n de la Sexta Transformaci\u00f3n, Ecosocialismo, Ciencia y Tecnolog\u00eda, como parte del Plan de las 7T, en funci\u00f3n de consolidar el ecosocialismo como un modelo civilizatorio con identidad nacionalista.<\/p>\n\n\n\n<p>Siendo la base de esta transformaci\u00f3n el tema ecol\u00f3gico, dicha arista est\u00e1 llamada a sumar acciones para combatir la crisis clim\u00e1tica, promover conciencia y proteger el pueblo del impacto ambiental, as\u00ed como salvaguardar la Amazon\u00eda y las reservas naturales de la voracidad del capitalismo.<\/p>\n\n\n\n<p>Tambi\u00e9n guarda relaci\u00f3n con aglutinar esfuerzos y sumar acciones para combatir la crisis clim\u00e1tica ocasionada por las medidas neoliberales del capitalismo voraz, promoviendo la conciencia sobre la importancia de proteger nuestras reservas naturales.<\/p>\n\n\n\n<p>Desde los espacios del Parque Zool\u00f3gico Caricuao, en la ciudad de Caracas, el Jefe de Estado est\u00e1 acompa\u00f1ado por la Primera Dama, Cilia Flores; la vicepresidenta sectorial de Ciencia, Tecnolog\u00eda y Salud, Gabriela Jim\u00e9nez; el ministro de Ecosocialismo, Ricardo Molina; la presidenta del Instituto Nacional de Parques (Inparques), Rosin\u00e9s Ch\u00e1vez; y representantes de movimientos ecologistas.<\/p>\n\n\n\n<p>Los representantes de las carteras de Ciencia y Tecnolog\u00eda y del Ecosocialismo, sostuvieron una reuni\u00f3n, este martes, con un equipo de expertos, cuyo prop\u00f3sito\u00a0es unificar estrategias para avanzar en el Plan de acciones de la Sexta Transformaci\u00f3n (6T) del Plan 7T. <\/p>\n\n\n\n<p>Es as\u00ed como la 6T impulsa un modelo de desarrollo alternativo al capitalismo, centrado en la protecci\u00f3n del ambiente, la justicia social y la construcci\u00f3n de ciudades inclusivas, con el Poder Popular como protagonista, para enfrentar la crisis clim\u00e1tica y construir la Venezuela potencia del futuro.<\/p>\n\n\n\n<p><strong>Prensa Presidencial\/ Eduardo Hueck<\/strong><\/p>\n\n\n\n<p><\/p>\n","protected":false},"excerpt":{"rendered":"<p>Parque Zool\u00f3gico Caricuao, Caracas.- El presidente de la Rep\u00fablica Bolivariana de Venezuela, Nicol\u00e1s Maduro Moros, lidera una jornada de trabajo a prop\u00f3sito de la activaci\u00f3n de la Sexta Transformaci\u00f3n, Ecosocialismo, Ciencia y Tecnolog\u00eda, como parte del Plan de las 7T, en funci\u00f3n de consolidar el ecosocialismo como un modelo civilizatorio con identidad nacionalista. Siendo la [&hellip;]<\/p>\n","protected":false},"author":1,"featured_media":17702,"comment_status":"open","ping_status":"open","sticky":false,"template":"","format":"standard","meta":{"footnotes":""},"categories":[18,7],"tags":[689,1423,475],"class_list":["post-17700","post","type-post","status-publish","format-standard","has-post-thumbnail","hentry","category-noticias-principales","category-notas-de-prensa","tag-7t","tag-sexta","tag-transformacion"],"_links":{"self":[{"href":"https:\/\/prensapresidencialvenezuela.gob.ve\/index.php\/wp-json\/wp\/v2\/posts\/17700","targetHints":{"allow":["GET"]}}],"collection":[{"href":"https:\/\/prensapresidencialvenezuela.gob.ve\/index.php\/wp-json\/wp\/v2\/posts"}],"about":[{"href":"https:\/\/prensapresidencialvenezuela.gob.ve\/index.php\/wp-json\/wp\/v2\/types\/post"}],"author":[{"embeddable":true,"href":"https:\/\/prensapresidencialvenezuela.gob.ve\/index.php\/wp-json\/wp\/v2\/users\/1"}],"replies":[{"embeddable":true,"href":"https:\/\/prensapresidencialvenezuela.gob.ve\/index.php\/wp-json\/wp\/v2\/comments?post=17700"}],"version-history":[{"count":5,"href":"https:\/\/prensapresidencialvenezuela.gob.ve\/index.php\/wp-json\/wp\/v2\/posts\/17700\/revisions"}],"predecessor-version":[{"id":17710,"href":"https:\/\/prensapresidencialvenezuela.gob.ve\/index.php\/wp-json\/wp\/v2\/posts\/17700\/revisions\/17710"}],"wp:featuredmedia":[{"embeddable":true,"href":"https:\/\/prensapresidencialvenezuela.gob.ve\/index.php\/wp-json\/wp\/v2\/media\/17702"}],"wp:attachment":[{"href":"https:\/\/prensapresidencialvenezuela.gob.ve\/index.php\/wp-json\/wp\/v2\/media?parent=17700"}],"wp:term":[{"taxonomy":"category","embeddable":true,"href":"https:\/\/prensapresidencialvenezuela.gob.ve\/index.php\/wp-json\/wp\/v2\/categories?post=17700"},{"taxonomy":"post_tag","embeddable":true,"href":"https:\/\/prensapresidencialvenezuela.gob.ve\/index.php\/wp-json\/wp\/v2\/tags?post=17700"}],"curies":[{"name":"wp","href":"https:\/\/api.w.org\/{rel}","templated":true}]}}