{"id":17711,"date":"2025-02-26T18:44:43","date_gmt":"2025-02-26T22:44:43","guid":{"rendered":"https:\/\/prensapresidencialvenezuela.gob.ve\/?p=17711"},"modified":"2025-02-26T18:44:43","modified_gmt":"2025-02-26T22:44:43","slug":"nueva-epoca-de-la-revolucion-bolivariana-va-rumbo-a-la-transicion-socialista","status":"publish","type":"post","link":"https:\/\/prensapresidencialvenezuela.gob.ve\/index.php\/2025\/02\/26\/nueva-epoca-de-la-revolucion-bolivariana-va-rumbo-a-la-transicion-socialista\/","title":{"rendered":"Nueva \u00e9poca de la Revoluci\u00f3n Bolivariana va rumbo a la transici\u00f3n socialista"},"content":{"rendered":"\n<p><strong>Parque Recreacional Zool\u00f3gico Caricuao, Caracas.- <\/strong>Durante la activaci\u00f3n de la Sexta Transformaci\u00f3n, que propone involucrar a todos los sectores nacionales en un objetivo com\u00fan y fundamental, como lo es salvar a la especie humana, el presidente de la Rep\u00fablica Bolivariana de Venezuela, Nicol\u00e1s Maduro, inst\u00f3 a profundizar y avanzar en las 7 l\u00edneas estrat\u00e9gicas de la transformaci\u00f3n de Venezuela.<\/p>\n\n\n\n<p>Asimismo, el jefe de Estado resalt\u00f3 que Venezuela est\u00e1 rumbo a la Nueva \u00c9poca de Transici\u00f3n al Socialismo (NETS), esto como parte del trabajo en conjunto que est\u00e1 realizando el Gobierno Bolivariano para la protecci\u00f3n de los recursos naturales, promoci\u00f3n de energ\u00edas alternativas, el desarrollo y sostenibilidad.<\/p>\n\n\n\n<p>\u00abVenezuela est\u00e1 en una nueva \u00e9poca, y nuestra nueva \u00e9poca va rumbo a la transici\u00f3n socialista, humanista, cristiana y bolivariana. Ese es nuestro camino, puntualiz\u00f3 el Dignatario, como parte de los objetivos fundamentales para el desarrollo de la 6T del plan de las transformaciones.<\/p>\n\n\n\n<p>Por otra parte, describi\u00f3 tres armon\u00edas esenciales para el funcionamiento del planeta Tierra y la sociedad humana:<\/p>\n\n\n\n<ul class=\"wp-block-list\">\n<li>Armon\u00eda del ser humano consigo mismo.<\/li>\n\n\n\n<li>Armon\u00eda con Dios, fundamental.<\/li>\n\n\n\n<li>Armon\u00eda del ser humano con la naturaleza, su h\u00e1bitat.<\/li>\n<\/ul>\n\n\n\n<p>En esa l\u00ednea, record\u00f3 que en el a\u00f1o 1992, el comandante Fidel Castro denunci\u00f3 en la Cumbre de la Tierra, en R\u00edo de Janeiro, que \u00abuna especie que est\u00e1 amenazada con desaparecer en el planeta Tierra, es la especie humana\u00bb.<\/p>\n\n\n\n<p>\u00abEl comandante Ch\u00e1vez cre\u00f3 el movimiento ecosocialista, porque s\u00f3lo por la v\u00eda del socialismo, la humanidad lograr\u00e1 salvarse\u00bb, subray\u00f3 el Dignatario venezolano.<\/p>\n\n\n\n<p>Por \u00faltimo, destac\u00f3 la importancia de plantear como objetivo humano y central, cambiar el sistema para salvar la vida humana. Quinta l\u00ednea hist\u00f3rica que traz\u00f3 el comandante Hugo Ch\u00e1vez.<\/p>\n\n\n\n<p><strong>Prensa Presidencial\/Irmary D\u00edaz.<\/strong><\/p>\n","protected":false},"excerpt":{"rendered":"<p>Parque Recreacional Zool\u00f3gico Caricuao, Caracas.- Durante la activaci\u00f3n de la Sexta Transformaci\u00f3n, que propone involucrar a todos los sectores nacionales en un objetivo com\u00fan y fundamental, como lo es salvar a la especie humana, el presidente de la Rep\u00fablica Bolivariana de Venezuela, Nicol\u00e1s Maduro, inst\u00f3 a profundizar y avanzar en las 7 l\u00edneas estrat\u00e9gicas de [&hellip;]<\/p>\n","protected":false},"author":1,"featured_media":17712,"comment_status":"open","ping_status":"open","sticky":false,"template":"","format":"standard","meta":{"footnotes":""},"categories":[18,7],"tags":[500],"class_list":["post-17711","post","type-post","status-publish","format-standard","has-post-thumbnail","hentry","category-noticias-principales","category-notas-de-prensa","tag-revolucion"],"_links":{"self":[{"href":"https:\/\/prensapresidencialvenezuela.gob.ve\/index.php\/wp-json\/wp\/v2\/posts\/17711","targetHints":{"allow":["GET"]}}],"collection":[{"href":"https:\/\/prensapresidencialvenezuela.gob.ve\/index.php\/wp-json\/wp\/v2\/posts"}],"about":[{"href":"https:\/\/prensapresidencialvenezuela.gob.ve\/index.php\/wp-json\/wp\/v2\/types\/post"}],"author":[{"embeddable":true,"href":"https:\/\/prensapresidencialvenezuela.gob.ve\/index.php\/wp-json\/wp\/v2\/users\/1"}],"replies":[{"embeddable":true,"href":"https:\/\/prensapresidencialvenezuela.gob.ve\/index.php\/wp-json\/wp\/v2\/comments?post=17711"}],"version-history":[{"count":2,"href":"https:\/\/prensapresidencialvenezuela.gob.ve\/index.php\/wp-json\/wp\/v2\/posts\/17711\/revisions"}],"predecessor-version":[{"id":17714,"href":"https:\/\/prensapresidencialvenezuela.gob.ve\/index.php\/wp-json\/wp\/v2\/posts\/17711\/revisions\/17714"}],"wp:featuredmedia":[{"embeddable":true,"href":"https:\/\/prensapresidencialvenezuela.gob.ve\/index.php\/wp-json\/wp\/v2\/media\/17712"}],"wp:attachment":[{"href":"https:\/\/prensapresidencialvenezuela.gob.ve\/index.php\/wp-json\/wp\/v2\/media?parent=17711"}],"wp:term":[{"taxonomy":"category","embeddable":true,"href":"https:\/\/prensapresidencialvenezuela.gob.ve\/index.php\/wp-json\/wp\/v2\/categories?post=17711"},{"taxonomy":"post_tag","embeddable":true,"href":"https:\/\/prensapresidencialvenezuela.gob.ve\/index.php\/wp-json\/wp\/v2\/tags?post=17711"}],"curies":[{"name":"wp","href":"https:\/\/api.w.org\/{rel}","templated":true}]}}