{"id":17715,"date":"2025-02-26T19:40:36","date_gmt":"2025-02-26T23:40:36","guid":{"rendered":"https:\/\/prensapresidencialvenezuela.gob.ve\/?p=17715"},"modified":"2025-02-26T19:43:14","modified_gmt":"2025-02-26T23:43:14","slug":"piden-articular-trabajo-de-los-movimientos-ecosocialistas-de-venezuela-con-activistas-ambientales-del-mundo","status":"publish","type":"post","link":"https:\/\/prensapresidencialvenezuela.gob.ve\/index.php\/2025\/02\/26\/piden-articular-trabajo-de-los-movimientos-ecosocialistas-de-venezuela-con-activistas-ambientales-del-mundo\/","title":{"rendered":"Piden articular trabajo de los movimientos ecosocialistas de Venezuela con activistas ambientales del mundo \u00a0"},"content":{"rendered":"\n<p><strong>Parque Zool\u00f3gico Caricuao, Caracas.- <\/strong>El presidente de la Rep\u00fablica Bolivariana de Venezuela, Nicol\u00e1s Maduro Moros, subray\u00f3 la importancia de articular el trabajo de los movimientos ecol\u00f3gicos, conservacionistas y ecosocialistas de Venezuela con la labor que vienen desempe\u00f1ando activistas ambientales del mundo entero.<\/p>\n\n\n\n<p>En este sentido, el Mandatario venezolano instruy\u00f3 que la ciencia, la innovaci\u00f3n y la tecnolog\u00eda, deben estar unidas a la fuerza de los movimientos ecol\u00f3gicos, conservacionistas y ecosocialistas de Venezuela.<\/p>\n\n\n\n<p>A prop\u00f3sito del lanzamiento de la \u00abSexta T\u00bb, es importante destacar que esta transformaci\u00f3n se alinea con el 5.<sup>o<\/sup> objetivo del Plan de la Patria, el cual plantea generar las condiciones, planes y estrategias, para proporcionar soluciones profundas en materia ecol\u00f3gica.<\/p>\n\n\n\n<p>La \u00abSexta T\u00bb tambi\u00e9n convoca a la uni\u00f3n nacional, a la integraci\u00f3n de cient\u00edficos y cient\u00edficas, de educadores y educadoras, artistas, estudiantes, empresarios y empresarias; ecologistas, animalistas y movimientos de todas las \u00edndoles, a participar en un cambio en la conciencia, mitigaci\u00f3n del cambio clim\u00e1tico, para la protecci\u00f3n de las especies, la fauna, la flora e implementar la ciencia para frenar el colapso ambiental.<\/p>\n\n\n\n<p><strong>Preservaci\u00f3n del Amazonas<\/strong><\/p>\n\n\n\n<p>En este contexto, el jefe de Estado resalt\u00f3 la importancia de plantear como uno de los grandes objetivos, la preservaci\u00f3n y salvaci\u00f3n del Amazonas, ya que \u00abhoy por hoy, es el gran ecosistema que mantiene un peque\u00f1o hilo de equilibrio en el funcionamiento del planeta Tierra\u00bb.<\/p>\n\n\n\n<p>El Mandatario se\u00f1al\u00f3, en ese orden, que tambi\u00e9n debe existir el planteamiento de la preservaci\u00f3n de los sistemas de monta\u00f1as, que est\u00e1n desde el oriente y luego se conectan con el andino, adem\u00e1s de la preservaci\u00f3n y el rescate de todos los r\u00edos, las cuencas y los riachuelos del pa\u00eds, desde el r\u00edo m\u00e1s grande, el Orinoco, hasta el Caron\u00ed.<\/p>\n\n\n\n<p><strong>Prensa Presidencial\/Irmary D\u00edaz.<\/strong><\/p>\n\n\n\n<p><\/p>\n","protected":false},"excerpt":{"rendered":"<p>Parque Zool\u00f3gico Caricuao, Caracas.- El presidente de la Rep\u00fablica Bolivariana de Venezuela, Nicol\u00e1s Maduro Moros, subray\u00f3 la importancia de articular el trabajo de los movimientos ecol\u00f3gicos, conservacionistas y ecosocialistas de Venezuela con la labor que vienen desempe\u00f1ando activistas ambientales del mundo entero. En este sentido, el Mandatario venezolano instruy\u00f3 que la ciencia, la innovaci\u00f3n y [&hellip;]<\/p>\n","protected":false},"author":1,"featured_media":17716,"comment_status":"open","ping_status":"open","sticky":false,"template":"","format":"standard","meta":{"footnotes":""},"categories":[18,7],"tags":[1425,1002,909,20],"class_list":["post-17715","post","type-post","status-publish","format-standard","has-post-thumbnail","hentry","category-noticias-principales","category-notas-de-prensa","tag-ambiente","tag-movimientos","tag-mundo","tag-venezuela"],"_links":{"self":[{"href":"https:\/\/prensapresidencialvenezuela.gob.ve\/index.php\/wp-json\/wp\/v2\/posts\/17715","targetHints":{"allow":["GET"]}}],"collection":[{"href":"https:\/\/prensapresidencialvenezuela.gob.ve\/index.php\/wp-json\/wp\/v2\/posts"}],"about":[{"href":"https:\/\/prensapresidencialvenezuela.gob.ve\/index.php\/wp-json\/wp\/v2\/types\/post"}],"author":[{"embeddable":true,"href":"https:\/\/prensapresidencialvenezuela.gob.ve\/index.php\/wp-json\/wp\/v2\/users\/1"}],"replies":[{"embeddable":true,"href":"https:\/\/prensapresidencialvenezuela.gob.ve\/index.php\/wp-json\/wp\/v2\/comments?post=17715"}],"version-history":[{"count":2,"href":"https:\/\/prensapresidencialvenezuela.gob.ve\/index.php\/wp-json\/wp\/v2\/posts\/17715\/revisions"}],"predecessor-version":[{"id":17719,"href":"https:\/\/prensapresidencialvenezuela.gob.ve\/index.php\/wp-json\/wp\/v2\/posts\/17715\/revisions\/17719"}],"wp:featuredmedia":[{"embeddable":true,"href":"https:\/\/prensapresidencialvenezuela.gob.ve\/index.php\/wp-json\/wp\/v2\/media\/17716"}],"wp:attachment":[{"href":"https:\/\/prensapresidencialvenezuela.gob.ve\/index.php\/wp-json\/wp\/v2\/media?parent=17715"}],"wp:term":[{"taxonomy":"category","embeddable":true,"href":"https:\/\/prensapresidencialvenezuela.gob.ve\/index.php\/wp-json\/wp\/v2\/categories?post=17715"},{"taxonomy":"post_tag","embeddable":true,"href":"https:\/\/prensapresidencialvenezuela.gob.ve\/index.php\/wp-json\/wp\/v2\/tags?post=17715"}],"curies":[{"name":"wp","href":"https:\/\/api.w.org\/{rel}","templated":true}]}}