{"id":17728,"date":"2025-02-26T20:40:07","date_gmt":"2025-02-27T00:40:07","guid":{"rendered":"https:\/\/prensapresidencialvenezuela.gob.ve\/?p=17728"},"modified":"2025-02-26T20:45:27","modified_gmt":"2025-02-27T00:45:27","slug":"gran-mision-ciencia-tecnologia-e-innovacion-tributa-a-la-agenda-del-ecosocialismo-bolivariano-con-720-proyectos","status":"publish","type":"post","link":"https:\/\/prensapresidencialvenezuela.gob.ve\/index.php\/2025\/02\/26\/gran-mision-ciencia-tecnologia-e-innovacion-tributa-a-la-agenda-del-ecosocialismo-bolivariano-con-720-proyectos\/","title":{"rendered":"Gran Misi\u00f3n Ciencia, Tecnologia e Innovaci\u00f3n tributa a la agenda del ecosocialismo bolivariano con 720 proyectos"},"content":{"rendered":"\n<p><strong>Parque Zool\u00f3gico Caricuao, Caracas.- <\/strong>El contexto de la activaci\u00f3n de la Sexta Transformaci\u00f3n del Plan de la 7T, el presidente de la Rep\u00fablica Bolivariana de Venezuela, Nicol\u00e1s Maduro, resalt\u00f3 que son muchas las tareas que hay que realizar, en materia de preservaci\u00f3n de todos los parques nacionales.<\/p>\n\n\n\n<p>Este llamado lo realiz\u00f3 el jefe de Estado venezolano, al sostener que Venezuela cuenta con un sistema de parques nacionales, uno de los m\u00e1s importantes de Am\u00e9rica Latina y el Caribe.<\/p>\n\n\n\n<p>Atribuy\u00f3 este logro al trabajo que han realizado por a\u00f1os los movimientos ecosocialistas del pa\u00eds.<\/p>\n\n\n\n<p>En este sentido, la Coordinadora de la 6T y vicepresidenta Sectorial de Ciencia, Tecnolog\u00eda, Educaci\u00f3n y Salud, Gabriela Jim\u00e9nez, ofreci\u00f3 alcances de la Gran Misi\u00f3n Ciencia, Tecnolog\u00eda e Innovaci\u00f3n, un programa que est\u00e1 sumado a acompa\u00f1ar la agenda del ecosocialismo bolivariano.<\/p>\n\n\n\n<p><strong>Sensibilidad con la naturaleza<\/strong><\/p>\n\n\n\n<p>\u201cTenemos 720 proyectos en ejecuci\u00f3n, gracias a su gesti\u00f3n (presidente Nicol\u00e1s Maduro), el 40% de estos planes son de car\u00e1cter ambiental y agr\u00edcola\u201d, detall\u00f3 la vicepresidenta, durante la activaci\u00f3n de la 6T, desde el Parque Zool\u00f3gico Caricuao.<\/p>\n\n\n\n<p>En estos proyectos vienen trabajando las comunidades y los centros de investigaci\u00f3n, dijo Jim\u00e9nez, en medio de la gran tarea de continuar avanzando en una agenda de conocimiento, concienciaci\u00f3n y rescate de la sensibilidad con el ambiente y la naturaleza.<\/p>\n\n\n\n<p>\u201cEl ecosocialismo bolivariano es el camino\u201d, enfatiz\u00f3 la tambi\u00e9n ministra.<\/p>\n\n\n\n<p><strong>Comit\u00e9s ecosocialistas<\/strong><\/p>\n\n\n\n<p>En esta l\u00ednea, el ministro del Poder Popular para el Ecosocialismo, Ricardo Molina, inform\u00f3 que actualmente existen 47 mil organizaciones populares a nivel nacional, que hacen vida en cada Consejo Comunal, y estas cuentan con una vocer\u00eda y equipo de trabajo en los Comit\u00e9s Ecosocialistas.<\/p>\n\n\n\n<p><strong>Venezuela, un pueblo unido y fortalecido<\/strong><\/p>\n\n\n\n<p>Al respecto, el Mandatario venezolano valor\u00f3 los logros que en esta materia se han registrado hasta el momento, y record\u00f3 que ha sido el esfuerzo propio el que ha prevalecido para la recuperaci\u00f3n de Venezuela.<\/p>\n\n\n\n<p>\u201cNadie ha venido a recuperar a Venezuela. La recuperaci\u00f3n econ\u00f3mica y la construcci\u00f3n de un nuevo modelo no depende de nadie en este mundo, sino de nosotros los venezolanas y los venezolanos\u201d, ratific\u00f3.<\/p>\n\n\n\n<p>Fue enf\u00e1tico al se\u00f1alar:\u201c Hemos logrado tomar nuestro propio camino y no hay amenaza en el mundo que intimide la voluntad del pueblo de Venezuela de avanzar hacia su independencia y felicidad m\u00e1xima\u201d.<\/p>\n\n\n\n<p>\u201cNosotros si somos un pueblo consciente, unido, fortalecido y victorioso en todas las batallas\u201d, puntualiz\u00f3 el jefe de Estado venezolano.<\/p>\n\n\n\n<p><strong>Prensa Presidencial \/ Ana\u00eds P\u00e9rez<\/strong><\/p>\n","protected":false},"excerpt":{"rendered":"<p>Parque Zool\u00f3gico Caricuao, Caracas.- El contexto de la activaci\u00f3n de la Sexta Transformaci\u00f3n del Plan de la 7T, el presidente de la Rep\u00fablica Bolivariana de Venezuela, Nicol\u00e1s Maduro, resalt\u00f3 que son muchas las tareas que hay que realizar, en materia de preservaci\u00f3n de todos los parques nacionales. Este llamado lo realiz\u00f3 el jefe de Estado [&hellip;]<\/p>\n","protected":false},"author":1,"featured_media":17729,"comment_status":"open","ping_status":"open","sticky":false,"template":"","format":"standard","meta":{"footnotes":""},"categories":[18,7],"tags":[841,1430,560],"class_list":["post-17728","post","type-post","status-publish","format-standard","has-post-thumbnail","hentry","category-noticias-principales","category-notas-de-prensa","tag-agenda","tag-ecosocialista","tag-proyectos"],"_links":{"self":[{"href":"https:\/\/prensapresidencialvenezuela.gob.ve\/index.php\/wp-json\/wp\/v2\/posts\/17728","targetHints":{"allow":["GET"]}}],"collection":[{"href":"https:\/\/prensapresidencialvenezuela.gob.ve\/index.php\/wp-json\/wp\/v2\/posts"}],"about":[{"href":"https:\/\/prensapresidencialvenezuela.gob.ve\/index.php\/wp-json\/wp\/v2\/types\/post"}],"author":[{"embeddable":true,"href":"https:\/\/prensapresidencialvenezuela.gob.ve\/index.php\/wp-json\/wp\/v2\/users\/1"}],"replies":[{"embeddable":true,"href":"https:\/\/prensapresidencialvenezuela.gob.ve\/index.php\/wp-json\/wp\/v2\/comments?post=17728"}],"version-history":[{"count":2,"href":"https:\/\/prensapresidencialvenezuela.gob.ve\/index.php\/wp-json\/wp\/v2\/posts\/17728\/revisions"}],"predecessor-version":[{"id":17731,"href":"https:\/\/prensapresidencialvenezuela.gob.ve\/index.php\/wp-json\/wp\/v2\/posts\/17728\/revisions\/17731"}],"wp:featuredmedia":[{"embeddable":true,"href":"https:\/\/prensapresidencialvenezuela.gob.ve\/index.php\/wp-json\/wp\/v2\/media\/17729"}],"wp:attachment":[{"href":"https:\/\/prensapresidencialvenezuela.gob.ve\/index.php\/wp-json\/wp\/v2\/media?parent=17728"}],"wp:term":[{"taxonomy":"category","embeddable":true,"href":"https:\/\/prensapresidencialvenezuela.gob.ve\/index.php\/wp-json\/wp\/v2\/categories?post=17728"},{"taxonomy":"post_tag","embeddable":true,"href":"https:\/\/prensapresidencialvenezuela.gob.ve\/index.php\/wp-json\/wp\/v2\/tags?post=17728"}],"curies":[{"name":"wp","href":"https:\/\/api.w.org\/{rel}","templated":true}]}}