{"id":17743,"date":"2025-02-27T18:43:16","date_gmt":"2025-02-27T22:43:16","guid":{"rendered":"https:\/\/prensapresidencialvenezuela.gob.ve\/?p=17743"},"modified":"2025-02-27T18:59:10","modified_gmt":"2025-02-27T22:59:10","slug":"reactivan-bancos-comunales-con-un-fondo-de-10-millones","status":"publish","type":"post","link":"https:\/\/prensapresidencialvenezuela.gob.ve\/index.php\/2025\/02\/27\/reactivan-bancos-comunales-con-un-fondo-de-10-millones\/","title":{"rendered":"Reactivan Bancos Comunales con un fondo de $10 millones"},"content":{"rendered":"\n<p><strong>Palacio de Miraflores, Caracas.- <\/strong>La cantidad de 10 millones de d\u00f3lares fueron destinados al fondo del Banco Comunal, en aras de iniciar operaciones y la entrega de financiamiento a emprendimientos, proyectos, trabajos y actividades econ\u00f3micas en las Comunas, inform\u00f3 el presidente de la Rep\u00fablica Bolivariana de Venezuela, Nicol\u00e1s Maduro.<\/p>\n\n\n\n<p>En un amoroso acto, celebrado junto al pueblo, en las adyacencias del Palacio de Miraflores, por los 36 a\u00f1os de la Rebeli\u00f3n Popular Antiimperialista del 27 de febrero de 1989, el jefe de Estado record\u00f3 que ya hay una experiencia relacionada a los bancos comunales, sin embargo, &#8211; dijo &#8211; con las sanciones criminales, en la primera etapa de sufrimiento de la guerra econ\u00f3mica, estas instancias se quedaron en la nada.<\/p>\n\n\n\n<p>No obstante, el l\u00edder bolivariano sostuvo que el prop\u00f3sito, esta vez, es reimpulsar \u201cun plan de varios bancos comunales en las Comunas y Circuitos Comunales, donde haya m\u00e1s participaci\u00f3n electoral el 27 de abril\u201d. &nbsp;<\/p>\n\n\n\n<p>Pormenoriz\u00f3 que en donde haya m\u00e1s participaci\u00f3n del pueblo, se inyectar\u00e1 un buen recurso para que el Banco Comunal empiece a operar y a financiar.<\/p>\n\n\n\n<p>\u201cPor eso vamos a disponer, el equivalente en bol\u00edvares, de 10 millones de d\u00f3lares para el fondo del Banco Comunales para que arranquen con platica\u201d, expres\u00f3 tras hacer el anuncio y dirigirse, espec\u00edficamente al ministro de Comunas, \u00c1ngel Prado; y a la Vicepresidenta Ejecutiva, Delcy Rodr\u00edguez, y en medio de la multitud recordar: \u201cLos Bancos Comunales, creaci\u00f3n del Comandante Ch\u00e1vez (&#8230;) nosotros somos sus continuadores y los constructores de su legado, junto al pueblo\u201d.<\/p>\n\n\n\n<p><strong>Desarrollo econ\u00f3mico intracomunitario &nbsp;<\/strong><\/p>\n\n\n\n<p>En esa l\u00ednea, el Mandatario nacional destac\u00f3 la importancia del desarrollo econ\u00f3mico intracomunitario en las Comunas y explic\u00f3 que a partir de este momento, los l\u00edderes y lideresas, los voceros y voceras, que son quienes reaniman esta idea de los Bancos Comunales, elaborar\u00e1n un reglamento para saber:<\/p>\n\n\n\n<p>\u00bfC\u00f3mo funciona en Banco Comunal?, \u00bfc\u00f3mo se recibir\u00edan los recursos?, \u00bfc\u00f3mo se distribuir\u00edan los recursos?, \u00bfC\u00f3mo se llevar\u00e1 a cabo la redici\u00f3n de cuentas en la comunidad?, todo ello, para que las personas puedan poner en marcha su actividad productiva.<\/p>\n\n\n\n<p>El jefe de Estado no dud\u00f3 en subrayar que esta din\u00e1mica generar\u00e1 trabajo, producto, actividad econ\u00f3mica y empleo.<\/p>\n\n\n\n<p>\u201cLa econom\u00eda de la comunidad, del barrio, del urbanismo, autosustentable, estamos en el mismo esp\u00edritu, en la misma l\u00ednea, del lado correcto de la historia\u201d, puntualiz\u00f3 el Dignatario nacional.<\/p>\n\n\n\n<p><strong>Prensa Presidencial \/ Ana\u00eds P\u00e9rez<\/strong><\/p>\n","protected":false},"excerpt":{"rendered":"<p>Palacio de Miraflores, Caracas.- La cantidad de 10 millones de d\u00f3lares fueron destinados al fondo del Banco Comunal, en aras de iniciar operaciones y la entrega de financiamiento a emprendimientos, proyectos, trabajos y actividades econ\u00f3micas en las Comunas, inform\u00f3 el presidente de la Rep\u00fablica Bolivariana de Venezuela, Nicol\u00e1s Maduro. En un amoroso acto, celebrado junto [&hellip;]<\/p>\n","protected":false},"author":1,"featured_media":17744,"comment_status":"open","ping_status":"open","sticky":false,"template":"","format":"standard","meta":{"footnotes":""},"categories":[18,7],"tags":[1433,559,945],"class_list":["post-17743","post","type-post","status-publish","format-standard","has-post-thumbnail","hentry","category-noticias-principales","category-notas-de-prensa","tag-bancos","tag-comunales","tag-recursos"],"_links":{"self":[{"href":"https:\/\/prensapresidencialvenezuela.gob.ve\/index.php\/wp-json\/wp\/v2\/posts\/17743","targetHints":{"allow":["GET"]}}],"collection":[{"href":"https:\/\/prensapresidencialvenezuela.gob.ve\/index.php\/wp-json\/wp\/v2\/posts"}],"about":[{"href":"https:\/\/prensapresidencialvenezuela.gob.ve\/index.php\/wp-json\/wp\/v2\/types\/post"}],"author":[{"embeddable":true,"href":"https:\/\/prensapresidencialvenezuela.gob.ve\/index.php\/wp-json\/wp\/v2\/users\/1"}],"replies":[{"embeddable":true,"href":"https:\/\/prensapresidencialvenezuela.gob.ve\/index.php\/wp-json\/wp\/v2\/comments?post=17743"}],"version-history":[{"count":4,"href":"https:\/\/prensapresidencialvenezuela.gob.ve\/index.php\/wp-json\/wp\/v2\/posts\/17743\/revisions"}],"predecessor-version":[{"id":17748,"href":"https:\/\/prensapresidencialvenezuela.gob.ve\/index.php\/wp-json\/wp\/v2\/posts\/17743\/revisions\/17748"}],"wp:featuredmedia":[{"embeddable":true,"href":"https:\/\/prensapresidencialvenezuela.gob.ve\/index.php\/wp-json\/wp\/v2\/media\/17744"}],"wp:attachment":[{"href":"https:\/\/prensapresidencialvenezuela.gob.ve\/index.php\/wp-json\/wp\/v2\/media?parent=17743"}],"wp:term":[{"taxonomy":"category","embeddable":true,"href":"https:\/\/prensapresidencialvenezuela.gob.ve\/index.php\/wp-json\/wp\/v2\/categories?post=17743"},{"taxonomy":"post_tag","embeddable":true,"href":"https:\/\/prensapresidencialvenezuela.gob.ve\/index.php\/wp-json\/wp\/v2\/tags?post=17743"}],"curies":[{"name":"wp","href":"https:\/\/api.w.org\/{rel}","templated":true}]}}