{"id":17749,"date":"2025-02-27T19:00:15","date_gmt":"2025-02-27T23:00:15","guid":{"rendered":"https:\/\/prensapresidencialvenezuela.gob.ve\/?p=17749"},"modified":"2025-02-27T19:00:16","modified_gmt":"2025-02-27T23:00:16","slug":"presidente-maduro-sobre-el-27f-en-ese-momento-el-pueblo-venezolano-paria-su-propia-revolucion","status":"publish","type":"post","link":"https:\/\/prensapresidencialvenezuela.gob.ve\/index.php\/2025\/02\/27\/presidente-maduro-sobre-el-27f-en-ese-momento-el-pueblo-venezolano-paria-su-propia-revolucion\/","title":{"rendered":"Presidente Maduro sobre el 27F: \u00abEn ese momento el pueblo venezolano par\u00eda su propia revoluci\u00f3n\u00bb"},"content":{"rendered":"\n<p><strong>Palacio de Miraflores, Caracas.-<\/strong> En una emotiva conmemoraci\u00f3n de El Caracazo, el presidente de la Republica Bolivariana de Venezuela, Nicol\u00e1s Maduro, evoc\u00f3 los tr\u00e1gicos eventos de febrero de 1989, describi\u00e9ndolos como \u00abrebeli\u00f3n y masacre, d\u00edas de dolor, de conmoci\u00f3n\u00bb; pero tambi\u00e9n como \u00ablos d\u00edas hist\u00f3ricos de un parto, en ese momento el pueblo venezolano par\u00eda un tiempo hist\u00f3rico nuevo, par\u00eda su propia revoluci\u00f3n\u00bb.<\/p>\n\n\n\n<p>El Mandatario record\u00f3, a 36 a\u00f1os de la rebeli\u00f3n antiimperialista contra el Fondo Monetario Internacional (FMI), que fue una rebeli\u00f3n popular en que el pueblo no se someti\u00f3 a las medidas neoliberales.<\/p>\n\n\n\n<p>\u00abSomos los sobrevivientes de la masacre, pero tambi\u00e9n somos los herederos y las herederas de la rebeli\u00f3n popular de aquellos d\u00edas heroicos y dolorosos\u00bb, indic\u00f3.<\/p>\n\n\n\n<p>El presidente Maduro reflexion\u00f3 sobre las causas profundas de El Caracazo y se\u00f1al\u00f3: \u00abM\u00e1s all\u00e1 de las causales coyunturales, esa rebeli\u00f3n fue una rebeli\u00f3n hist\u00f3rica del pueblo contra dos siglos de traici\u00f3n, contra dos siglos de saqueo, contra dos siglos de dominaci\u00f3n\u00bb.<\/p>\n\n\n\n<p>En este sentido, describi\u00f3 la lucha del pueblo como una resistencia contra un \u00abmodelo neoliberal\u00bb, que calific\u00f3 de \u00abcolonialismo econ\u00f3mico\u00bb, y record\u00f3 c\u00f3mo \u00abel pueblo de Venezuela, de manera noble, inocente y espont\u00e1nea, dijo: \u201c\u00a1Ya basta!\u201d\u00bb.<\/p>\n\n\n\n<p>\u00ab(\u2026) pretend\u00eda, luego de haber robado todas las riquezas del pueblo, luego de haber entregado nuestra Patria, luego de haber enga\u00f1ado, reprimiendo a este pueblo durante un siglo y medio, pretend\u00edan pasar a una nueva etapa de dominaci\u00f3n. Ya se hablaba del fin de la historia, ya se hablaba del pensamiento \u00fanico y ya se hablaba de que el fondo monetario se encargar\u00eda de reorganizar el mundo a la usanza del dominio econ\u00f3mico, del poder imperialista de Estados Unidos\u00bb, explic\u00f3.<\/p>\n\n\n\n<p>El Presidente tambi\u00e9n destac\u00f3 la magnitud de la respuesta popular ante la represi\u00f3n.<\/p>\n\n\n\n<p>\u00abFue Venezuela el epicentro de esa gran rebeli\u00f3n contra los apellidos, contra la oligarqu\u00eda, contra el colonialismo econ\u00f3mico y el neoliberalismo\u00bb, pormenoriz\u00f3 y a\u00f1adi\u00f3 que fue \u00abuna rebeli\u00f3n tempranera que marcaba una \u00e9poca\u00bb.<\/p>\n\n\n\n<p>Asimismo, indic\u00f3: \u00abLuego de aquella masacre, consigui\u00f3 su camino aquella madrugada del 4 de febrero de 1992, cuando el comandante Hugo Ch\u00e1vez dijo \u201cpor ahora\u201d, se convirti\u00f3 en el para siempre del proyecto de Bol\u00edvar, resucitado.<\/p>\n\n\n\n<p>En este sentido, advirti\u00f3 a quienes a\u00fan pretenden hacer mal al pueblo venezolano, que no les esperan un buen futuro por la respuesta contundente que les dar\u00e1 el pueblo.<\/p>\n\n\n\n<p>\u00ab(\u2026) \u00a1Ay!, de aquellos soberbios, de aquellos que nos subestimen, de aquellos que nos agredan, que pretenden masacrarnos. \u00a1Ay!, de aquellos a quienes les caer\u00e1n las diez plagas de Egipto, porque este pueblo es victorioso, rebelde y seguir\u00e1 su camino de revoluci\u00f3n triunfante por los a\u00f1os que est\u00e1n por venir (\u2026). \u00a1Ay!, de aquellos que con su soberbia pretendan da\u00f1ar la paz conquistada. \u00a1Ay!, de aquellos que quieran meterse otra vez a masacrar con su violencia y su guerra econ\u00f3mica al pueblo. No les deparo un buen futuro. \u201cEl que se mete con Venezuela se seca\u201d\u00bb, sentenci\u00f3.<\/p>\n\n\n\n<p>Durante su discurso, el Dignatario tambi\u00e9n enfatiz\u00f3 la importancia del Poder Popular en la Venezuela actual, al afirmar: \u00abEl poder est\u00e1 aqu\u00ed en las calles, en el pueblo soberano, en el pueblo rebelde y revolucionario\u00bb. Y subray\u00f3: \u00abEl poder le pertenece al pueblo humilde, a los que han luchado siempre, a los que jam\u00e1s han arriado una bandera\u00bb.<\/p>\n\n\n\n<p><strong>Prensa Presidencial \/ Eduardo Hueck<\/strong><\/p>\n","protected":false},"excerpt":{"rendered":"<p>Palacio de Miraflores, Caracas.- En una emotiva conmemoraci\u00f3n de El Caracazo, el presidente de la Republica Bolivariana de Venezuela, Nicol\u00e1s Maduro, evoc\u00f3 los tr\u00e1gicos eventos de febrero de 1989, describi\u00e9ndolos como \u00abrebeli\u00f3n y masacre, d\u00edas de dolor, de conmoci\u00f3n\u00bb; pero tambi\u00e9n como \u00ablos d\u00edas hist\u00f3ricos de un parto, en ese momento el pueblo venezolano par\u00eda [&hellip;]<\/p>\n","protected":false},"author":1,"featured_media":17750,"comment_status":"open","ping_status":"open","sticky":false,"template":"","format":"standard","meta":{"footnotes":""},"categories":[18,7],"tags":[1402,451,1434],"class_list":["post-17749","post","type-post","status-publish","format-standard","has-post-thumbnail","hentry","category-noticias-principales","category-notas-de-prensa","tag-27f","tag-pueblo","tag-revolucion-2"],"_links":{"self":[{"href":"https:\/\/prensapresidencialvenezuela.gob.ve\/index.php\/wp-json\/wp\/v2\/posts\/17749","targetHints":{"allow":["GET"]}}],"collection":[{"href":"https:\/\/prensapresidencialvenezuela.gob.ve\/index.php\/wp-json\/wp\/v2\/posts"}],"about":[{"href":"https:\/\/prensapresidencialvenezuela.gob.ve\/index.php\/wp-json\/wp\/v2\/types\/post"}],"author":[{"embeddable":true,"href":"https:\/\/prensapresidencialvenezuela.gob.ve\/index.php\/wp-json\/wp\/v2\/users\/1"}],"replies":[{"embeddable":true,"href":"https:\/\/prensapresidencialvenezuela.gob.ve\/index.php\/wp-json\/wp\/v2\/comments?post=17749"}],"version-history":[{"count":1,"href":"https:\/\/prensapresidencialvenezuela.gob.ve\/index.php\/wp-json\/wp\/v2\/posts\/17749\/revisions"}],"predecessor-version":[{"id":17751,"href":"https:\/\/prensapresidencialvenezuela.gob.ve\/index.php\/wp-json\/wp\/v2\/posts\/17749\/revisions\/17751"}],"wp:featuredmedia":[{"embeddable":true,"href":"https:\/\/prensapresidencialvenezuela.gob.ve\/index.php\/wp-json\/wp\/v2\/media\/17750"}],"wp:attachment":[{"href":"https:\/\/prensapresidencialvenezuela.gob.ve\/index.php\/wp-json\/wp\/v2\/media?parent=17749"}],"wp:term":[{"taxonomy":"category","embeddable":true,"href":"https:\/\/prensapresidencialvenezuela.gob.ve\/index.php\/wp-json\/wp\/v2\/categories?post=17749"},{"taxonomy":"post_tag","embeddable":true,"href":"https:\/\/prensapresidencialvenezuela.gob.ve\/index.php\/wp-json\/wp\/v2\/tags?post=17749"}],"curies":[{"name":"wp","href":"https:\/\/api.w.org\/{rel}","templated":true}]}}