{"id":17752,"date":"2025-02-27T19:13:06","date_gmt":"2025-02-27T23:13:06","guid":{"rendered":"https:\/\/prensapresidencialvenezuela.gob.ve\/?p=17752"},"modified":"2025-02-27T19:13:07","modified_gmt":"2025-02-27T23:13:07","slug":"27f-victoria-del-pueblo-venezolano-sobre-el-neoliberalismo-y-en-defensa-de-la-revolucion-bolivariana","status":"publish","type":"post","link":"https:\/\/prensapresidencialvenezuela.gob.ve\/index.php\/2025\/02\/27\/27f-victoria-del-pueblo-venezolano-sobre-el-neoliberalismo-y-en-defensa-de-la-revolucion-bolivariana\/","title":{"rendered":"27F: Victoria del pueblo venezolano sobre el neoliberalismo y en defensa de la Revoluci\u00f3n Bolivariana"},"content":{"rendered":"\n<p><strong>Palacio de Miraflores, Caracas.-<\/strong> Este 27 de febrero, el presidente de la Rep\u00fablica Bolivariana de Venezuela, Nicol\u00e1s Maduro, particip\u00f3 en la Gran Movilizaci\u00f3n en Conmemoraci\u00f3n del 36.\u00b0 Aniversario de la Rebeli\u00f3n Popular Antiimperialista del 27 de febrero de 1989, conocida como \u00abEl Caracazo\u00bb. Este suceso hist\u00f3rico simboliza la resistencia del pueblo frente al modelo neoliberal que imperaba en el pa\u00eds en ese momento.<\/p>\n\n\n\n<p>En su discurso, el Mandatario subray\u00f3 que lo ocurrido en 1989 no fue s\u00f3lo una revuelta; lo defini\u00f3 como \u00abuna rebeli\u00f3n contra el modelo neoliberal de colonialismo econ\u00f3mico\u00bb.<\/p>\n\n\n\n<p><strong>La determinaci\u00f3n de un pueblo<\/strong><\/p>\n\n\n\n<p>En un contexto en el que la violaci\u00f3n de los derechos sociales era la norma, el jefe de Estado afirm\u00f3 que hoy el pueblo venezolano se alza con la convicci\u00f3n de que esos derechos est\u00e1n siendo protegidos en el marco de la Revoluci\u00f3n Bolivariana.<\/p>\n\n\n\n<p>Aquella jornada de 1989, la ciudadan\u00eda horrorizada por las severas medidas econ\u00f3micas impuestas por el entonces presidente Carlos Andr\u00e9s P\u00e9rez y el Fondo Monetario Internacional (FMI), inund\u00f3 las calles clamando justicia.<\/p>\n\n\n\n<p>Hoy, en el mismo escenario, donde miles se agruparon para protestar, el pueblo celebra su fortaleza y determinaci\u00f3n. \u00abNo permitiremos que la oligarqu\u00eda vuelva a Venezuela\u00bb, advirti\u00f3 el jefe de Estado durante la marcha que lleg\u00f3 a la Casa del Pueblo, reafirmando: \u00abLos derrotamos y los vamos a seguir derrotando\u00bb.<\/p>\n\n\n\n<p>El Presidente reflexion\u00f3 sobre los \u00abd\u00edas dolorosos y sangrientos\u00bb que dieron inicio a un proceso revolucionario, centrado en ofrecer derechos sociales y dignidad a todos los venezolanos. En respuesta a los ataques de la oposici\u00f3n, el Mandatario declar\u00f3: \u00abNada ni nadie podr\u00e1 contra la paz del pueblo de Venezuela\u00bb, afirmando as\u00ed su compromiso con el bienestar colectivo.<\/p>\n\n\n\n<p>El contraste entre la Venezuela de 1989 y la actualidad, es evidente: el pa\u00eds ha transformado su sufrimiento en un movimiento que persigue la justicia social y participa en la construcci\u00f3n de un nuevo modelo social a trav\u00e9s de la participaci\u00f3n protag\u00f3nica.<\/p>\n\n\n\n<p>&nbsp;Durante su intervenci\u00f3n, el Mandatario denunci\u00f3 las declaraciones de la extrema oposici\u00f3n, Mar\u00eda Corina Machado, a quien tild\u00f3 de ultraderechista por descalificar a los migrantes venezolanos al llamarlos \u00abdelincuentes\u00bb.<\/p>\n\n\n\n<p>Mientras el pueblo marchaba, el presidente Maduro record\u00f3 \u00abuna reacci\u00f3n contra dos siglos de traici\u00f3n, de saqueo y dominaci\u00f3n\u00bb, reafirmando as\u00ed su compromiso de garantizar un futuro de paz y soberan\u00eda para la naci\u00f3n.<\/p>\n\n\n\n<p>\u00ab\u00a1Ay de aquellos que con su soberbia pretenden da\u00f1ar la paz conquistada!\u00bb expres\u00f3, reflejando la determinaci\u00f3n de un pueblo que sigue levant\u00e1ndose por su independencia y dignidad.<\/p>\n\n\n\n<p>Hoy, 36 a\u00f1os despu\u00e9s de \u00abEl Caracazo\u00bb, la Revoluci\u00f3n Bolivariana se mantiene firme en sus ideales. Venezuela se erige orgullosa de su historia, de su lucha y de su capacidad para convertir el dolor en esperanza.<\/p>\n\n\n\n<p><strong>Prensa Presidencial\/ Luis Tavera<\/strong><\/p>\n","protected":false},"excerpt":{"rendered":"<p>Palacio de Miraflores, Caracas.- Este 27 de febrero, el presidente de la Rep\u00fablica Bolivariana de Venezuela, Nicol\u00e1s Maduro, particip\u00f3 en la Gran Movilizaci\u00f3n en Conmemoraci\u00f3n del 36.\u00b0 Aniversario de la Rebeli\u00f3n Popular Antiimperialista del 27 de febrero de 1989, conocida como \u00abEl Caracazo\u00bb. Este suceso hist\u00f3rico simboliza la resistencia del pueblo frente al modelo neoliberal [&hellip;]<\/p>\n","protected":false},"author":1,"featured_media":17753,"comment_status":"open","ping_status":"open","sticky":false,"template":"","format":"standard","meta":{"footnotes":""},"categories":[18,7],"tags":[528,500],"class_list":["post-17752","post","type-post","status-publish","format-standard","has-post-thumbnail","hentry","category-noticias-principales","category-notas-de-prensa","tag-defensa","tag-revolucion"],"_links":{"self":[{"href":"https:\/\/prensapresidencialvenezuela.gob.ve\/index.php\/wp-json\/wp\/v2\/posts\/17752","targetHints":{"allow":["GET"]}}],"collection":[{"href":"https:\/\/prensapresidencialvenezuela.gob.ve\/index.php\/wp-json\/wp\/v2\/posts"}],"about":[{"href":"https:\/\/prensapresidencialvenezuela.gob.ve\/index.php\/wp-json\/wp\/v2\/types\/post"}],"author":[{"embeddable":true,"href":"https:\/\/prensapresidencialvenezuela.gob.ve\/index.php\/wp-json\/wp\/v2\/users\/1"}],"replies":[{"embeddable":true,"href":"https:\/\/prensapresidencialvenezuela.gob.ve\/index.php\/wp-json\/wp\/v2\/comments?post=17752"}],"version-history":[{"count":1,"href":"https:\/\/prensapresidencialvenezuela.gob.ve\/index.php\/wp-json\/wp\/v2\/posts\/17752\/revisions"}],"predecessor-version":[{"id":17754,"href":"https:\/\/prensapresidencialvenezuela.gob.ve\/index.php\/wp-json\/wp\/v2\/posts\/17752\/revisions\/17754"}],"wp:featuredmedia":[{"embeddable":true,"href":"https:\/\/prensapresidencialvenezuela.gob.ve\/index.php\/wp-json\/wp\/v2\/media\/17753"}],"wp:attachment":[{"href":"https:\/\/prensapresidencialvenezuela.gob.ve\/index.php\/wp-json\/wp\/v2\/media?parent=17752"}],"wp:term":[{"taxonomy":"category","embeddable":true,"href":"https:\/\/prensapresidencialvenezuela.gob.ve\/index.php\/wp-json\/wp\/v2\/categories?post=17752"},{"taxonomy":"post_tag","embeddable":true,"href":"https:\/\/prensapresidencialvenezuela.gob.ve\/index.php\/wp-json\/wp\/v2\/tags?post=17752"}],"curies":[{"name":"wp","href":"https:\/\/api.w.org\/{rel}","templated":true}]}}