{"id":17755,"date":"2025-02-27T19:17:17","date_gmt":"2025-02-27T23:17:17","guid":{"rendered":"https:\/\/prensapresidencialvenezuela.gob.ve\/?p=17755"},"modified":"2025-02-27T19:17:17","modified_gmt":"2025-02-27T23:17:17","slug":"arranca-debate-y-perfeccionamiento-del-plan-de-las-7t","status":"publish","type":"post","link":"https:\/\/prensapresidencialvenezuela.gob.ve\/index.php\/2025\/02\/27\/arranca-debate-y-perfeccionamiento-del-plan-de-las-7t\/","title":{"rendered":"Arranca debate y perfeccionamiento del Plan de las 7T"},"content":{"rendered":"\n<p><strong>Palacio de Miraflores, Caracas.- <\/strong>Desde las afueras de la Casa del Pueblo, el presidente de la Rep\u00fablica Bolivariana de Venezuela, Nicol\u00e1s Maduro Moros, emiti\u00f3 la orden para que \u00abhoy arranque el trabajo, debate y el perfeccionamiento del Plan de las 7T, en los 5. 338 Circuitos Comunales del pa\u00eds.<\/p>\n\n\n\n<p>Esta instrucci\u00f3n debe cumplirse entre este 27 de febrero y el 19 de abril del 2025, con el objetivo de elaborar dos productos que est\u00e1n comprendidos de la siguiente manera:<\/p>\n\n\n\n<ol class=\"wp-block-list\">\n<li>Las propuestas del pueblo para el plan nacional.<\/li>\n\n\n\n<li>El plan de la Agenda Concreta de Acci\u00f3n (ACA) de las 7T, del Circuito Comunal del territorio.<\/li>\n<\/ol>\n\n\n\n<p>En la misma l\u00ednea, agreg\u00f3 que para el 19 de abril, por ser una fecha hist\u00f3rica por el grito de independencia, se realizar\u00e1 un gran evento nacional virtual, presencial e interactivo, para recibir los 5 338 documentos que \u00abcada uno de ustedes va a redactar de pu\u00f1o y letra\u00bb, esto con el prop\u00f3sito de mantener el impulso y robustecimiento del poder comunal.<\/p>\n\n\n\n<p>El jefe de Estado tambi\u00e9n inform\u00f3 que se dar\u00e1 inicio a un seminario abierto y movido por el Centro de Estudios Sim\u00f3n Bol\u00edvar, la Fundaci\u00f3n Centro Nacional de Estudios Hist\u00f3ricos (FCNEH), la Universidad Bolivariana de Venezuela (UBV), y otros institutos.<\/p>\n\n\n\n<p>Por otra parte, el Mandatario venezolano agreg\u00f3 que esto se llevar\u00e1 a cabo con la coordinaci\u00f3n del Centro de Estudios Latinoamericanos y del Caribe R\u00f3mulo Gallegos (CELARG), para la elaboraci\u00f3n de un documento central con propuestas de estudiantes, maestros, profesores, l\u00edderes y lideresas, historiadores en liceos, universidades y comunidades, todo en funci\u00f3n de construir la narrativa hist\u00f3rica del desarrollo del Estado venezolano, desde antes de la colonia, hasta la Revoluci\u00f3n Bolivariana, para que \u00absea una de las bases de estudios en el proceso de formaci\u00f3n de nuestros cuadros\u00bb.<\/p>\n\n\n\n<p>Esto fue indicado durante el desarrollo de la conmemoraci\u00f3n de los 36 a\u00f1os de la Rebeli\u00f3n Popular antiimperialista del 27 de febrero de 1989, donde el Presidente de la naci\u00f3n recibi\u00f3 a miles de venezolanos (as).<\/p>\n\n\n\n<p><strong>Prensa Presidencial\/Irmary D\u00edaz.<\/strong><\/p>\n","protected":false},"excerpt":{"rendered":"<p>Palacio de Miraflores, Caracas.- Desde las afueras de la Casa del Pueblo, el presidente de la Rep\u00fablica Bolivariana de Venezuela, Nicol\u00e1s Maduro Moros, emiti\u00f3 la orden para que \u00abhoy arranque el trabajo, debate y el perfeccionamiento del Plan de las 7T, en los 5. 338 Circuitos Comunales del pa\u00eds. Esta instrucci\u00f3n debe cumplirse entre este [&hellip;]<\/p>\n","protected":false},"author":1,"featured_media":17756,"comment_status":"open","ping_status":"open","sticky":false,"template":"","format":"standard","meta":{"footnotes":""},"categories":[18,7],"tags":[689,849],"class_list":["post-17755","post","type-post","status-publish","format-standard","has-post-thumbnail","hentry","category-noticias-principales","category-notas-de-prensa","tag-7t","tag-debate"],"_links":{"self":[{"href":"https:\/\/prensapresidencialvenezuela.gob.ve\/index.php\/wp-json\/wp\/v2\/posts\/17755","targetHints":{"allow":["GET"]}}],"collection":[{"href":"https:\/\/prensapresidencialvenezuela.gob.ve\/index.php\/wp-json\/wp\/v2\/posts"}],"about":[{"href":"https:\/\/prensapresidencialvenezuela.gob.ve\/index.php\/wp-json\/wp\/v2\/types\/post"}],"author":[{"embeddable":true,"href":"https:\/\/prensapresidencialvenezuela.gob.ve\/index.php\/wp-json\/wp\/v2\/users\/1"}],"replies":[{"embeddable":true,"href":"https:\/\/prensapresidencialvenezuela.gob.ve\/index.php\/wp-json\/wp\/v2\/comments?post=17755"}],"version-history":[{"count":1,"href":"https:\/\/prensapresidencialvenezuela.gob.ve\/index.php\/wp-json\/wp\/v2\/posts\/17755\/revisions"}],"predecessor-version":[{"id":17757,"href":"https:\/\/prensapresidencialvenezuela.gob.ve\/index.php\/wp-json\/wp\/v2\/posts\/17755\/revisions\/17757"}],"wp:featuredmedia":[{"embeddable":true,"href":"https:\/\/prensapresidencialvenezuela.gob.ve\/index.php\/wp-json\/wp\/v2\/media\/17756"}],"wp:attachment":[{"href":"https:\/\/prensapresidencialvenezuela.gob.ve\/index.php\/wp-json\/wp\/v2\/media?parent=17755"}],"wp:term":[{"taxonomy":"category","embeddable":true,"href":"https:\/\/prensapresidencialvenezuela.gob.ve\/index.php\/wp-json\/wp\/v2\/categories?post=17755"},{"taxonomy":"post_tag","embeddable":true,"href":"https:\/\/prensapresidencialvenezuela.gob.ve\/index.php\/wp-json\/wp\/v2\/tags?post=17755"}],"curies":[{"name":"wp","href":"https:\/\/api.w.org\/{rel}","templated":true}]}}