{"id":17761,"date":"2025-02-27T19:40:26","date_gmt":"2025-02-27T23:40:26","guid":{"rendered":"https:\/\/prensapresidencialvenezuela.gob.ve\/?p=17761"},"modified":"2025-02-27T19:40:27","modified_gmt":"2025-02-27T23:40:27","slug":"venezuela-reitera-su-disposicion-al-dialogo-con-ee-uu-basado-en-el-respeto-y-la-igualdad","status":"publish","type":"post","link":"https:\/\/prensapresidencialvenezuela.gob.ve\/index.php\/2025\/02\/27\/venezuela-reitera-su-disposicion-al-dialogo-con-ee-uu-basado-en-el-respeto-y-la-igualdad\/","title":{"rendered":"Venezuela reitera su disposici\u00f3n al di\u00e1logo con EE.UU. basado en el respeto y la igualdad"},"content":{"rendered":"\n<p><strong>Palacio de Miraflores, Caracas.- <\/strong>En un acto lleno de compromiso con la historia revolucionaria del pa\u00eds, el presidente de la Rep\u00fablica Bolivariana de Venezuela, Nicol\u00e1s Maduro, afirm\u00f3 que \u00abVenezuela est\u00e1 dispuesta a sentarse y dialogar con Estados Unidos\u00bb.<\/p>\n\n\n\n<p>Durante la Gran Movilizaci\u00f3n por el 36\u00b0 Aniversario de la Rebeli\u00f3n Popular Antiimperialista de 1989, el Mandatario subray\u00f3 la disposici\u00f3n de su gobierno para establecer un di\u00e1logo respetuoso y equitativo conel gobierno norteamericano.<\/p>\n\n\n\n<p><strong>Di\u00e1logo basado en el respeto y la igualdad<\/strong><\/p>\n\n\n\n<p>En un contexto marcado por sanciones econ\u00f3micas impuestas por el gobierno estadounidense, el jefe de Estado venezolano dej\u00f3 claro que Venezuela se encuentra lista para el di\u00e1logo, siempre que este respete la dignidad y soberan\u00eda del pa\u00eds.<\/p>\n\n\n\n<p>\u00abSi el pa\u00eds norteamericano busca un di\u00e1logo respetuoso y de igual a igual, Venezuela est\u00e1 lista para participar\u00bb, enfatiz\u00f3 el Presidente.<\/p>\n\n\n\n<p>Este enfoque resalta la postura firme del gobierno venezolano frente a las agresiones externas, buscando construir puentes en lugar de muros.<\/p>\n\n\n\n<p><strong>Sobre las sanciones y la violencia<\/strong><\/p>\n\n\n\n<p>El presidente Maduro no esquiv\u00f3 el tema de las sanciones, las cuales han tenido un impacto significativo en la econom\u00eda venezolana.<\/p>\n\n\n\n<p>El Dignatario advirti\u00f3 que si el gobierno de Estados Unidos decide continuar con pol\u00edticas de sanciones y violencia, ser\u00e1 una decisi\u00f3n que les pertenezca a ellos. \u00abYo no juego con cartas escondidas; siempre jugamos con la verdad\u00bb, enfatiz\u00f3, destacando la importancia de la transparencia en la diplomacia.<\/p>\n\n\n\n<p>La declaraci\u00f3n del jefe de Estado se produce en un contexto de nuevas restricciones impuestas desde Washington.<\/p>\n\n\n\n<p>El mi\u00e9rcoles 26 de febrero de 2025, el presidente de EE. UU., Donald Trump, anunci\u00f3 el fin de las licencias para la exportaci\u00f3n de petr\u00f3leo venezolano, una medida que afectar\u00e1 la producci\u00f3n de las compa\u00f1\u00edas extranjeras en el pa\u00eds, incluida Chevron.<\/p>\n\n\n\n<p>Esto pone de relieve la complejidad de las relaciones bilaterales y subraya la relevancia del di\u00e1logo en tiempos de adversidad.<\/p>\n\n\n\n<p>El presidente Nicol\u00e1s Maduro reiter\u00f3 que Venezuela siempre ha estado abierta al di\u00e1logo.<\/p>\n\n\n\n<p>Su mensaje fue claro: \u201cEl camino hacia la paz debe ser respetuoso y constructivo, un llamado a la reconciliaci\u00f3n en un mundo donde las diferencias pueden ser superadas a trav\u00e9s del entendimiento mutuo\u201d, dijo.<\/p>\n\n\n\n<p>Este evento no s\u00f3lo conmemor\u00f3 la historia del pa\u00eds y la lucha antiimperialista que mantienen los venezolanos desde hace 36 a\u00f1os, sino la disposici\u00f3n permanente a di\u00e1logo&nbsp; de Venezuela, a pesar de las circunstancias adversas desde la Casa Blanca.<\/p>\n\n\n\n<p><strong>Prensa Presidecial\/ Luis Tavera<\/strong><\/p>\n","protected":false},"excerpt":{"rendered":"<p>Palacio de Miraflores, Caracas.- En un acto lleno de compromiso con la historia revolucionaria del pa\u00eds, el presidente de la Rep\u00fablica Bolivariana de Venezuela, Nicol\u00e1s Maduro, afirm\u00f3 que \u00abVenezuela est\u00e1 dispuesta a sentarse y dialogar con Estados Unidos\u00bb. Durante la Gran Movilizaci\u00f3n por el 36\u00b0 Aniversario de la Rebeli\u00f3n Popular Antiimperialista de 1989, el Mandatario [&hellip;]<\/p>\n","protected":false},"author":1,"featured_media":17762,"comment_status":"open","ping_status":"open","sticky":false,"template":"","format":"standard","meta":{"footnotes":""},"categories":[18,7],"tags":[610,59],"class_list":["post-17761","post","type-post","status-publish","format-standard","has-post-thumbnail","hentry","category-noticias-principales","category-notas-de-prensa","tag-dialogo","tag-eeuu"],"_links":{"self":[{"href":"https:\/\/prensapresidencialvenezuela.gob.ve\/index.php\/wp-json\/wp\/v2\/posts\/17761","targetHints":{"allow":["GET"]}}],"collection":[{"href":"https:\/\/prensapresidencialvenezuela.gob.ve\/index.php\/wp-json\/wp\/v2\/posts"}],"about":[{"href":"https:\/\/prensapresidencialvenezuela.gob.ve\/index.php\/wp-json\/wp\/v2\/types\/post"}],"author":[{"embeddable":true,"href":"https:\/\/prensapresidencialvenezuela.gob.ve\/index.php\/wp-json\/wp\/v2\/users\/1"}],"replies":[{"embeddable":true,"href":"https:\/\/prensapresidencialvenezuela.gob.ve\/index.php\/wp-json\/wp\/v2\/comments?post=17761"}],"version-history":[{"count":1,"href":"https:\/\/prensapresidencialvenezuela.gob.ve\/index.php\/wp-json\/wp\/v2\/posts\/17761\/revisions"}],"predecessor-version":[{"id":17763,"href":"https:\/\/prensapresidencialvenezuela.gob.ve\/index.php\/wp-json\/wp\/v2\/posts\/17761\/revisions\/17763"}],"wp:featuredmedia":[{"embeddable":true,"href":"https:\/\/prensapresidencialvenezuela.gob.ve\/index.php\/wp-json\/wp\/v2\/media\/17762"}],"wp:attachment":[{"href":"https:\/\/prensapresidencialvenezuela.gob.ve\/index.php\/wp-json\/wp\/v2\/media?parent=17761"}],"wp:term":[{"taxonomy":"category","embeddable":true,"href":"https:\/\/prensapresidencialvenezuela.gob.ve\/index.php\/wp-json\/wp\/v2\/categories?post=17761"},{"taxonomy":"post_tag","embeddable":true,"href":"https:\/\/prensapresidencialvenezuela.gob.ve\/index.php\/wp-json\/wp\/v2\/tags?post=17761"}],"curies":[{"name":"wp","href":"https:\/\/api.w.org\/{rel}","templated":true}]}}