{"id":17767,"date":"2025-02-27T20:05:00","date_gmt":"2025-02-28T00:05:00","guid":{"rendered":"https:\/\/prensapresidencialvenezuela.gob.ve\/?p=17767"},"modified":"2025-02-27T20:05:01","modified_gmt":"2025-02-28T00:05:01","slug":"presidente-maduro-el-papa-francisco-es-un-lider-necesario-para-la-humanidad","status":"publish","type":"post","link":"https:\/\/prensapresidencialvenezuela.gob.ve\/index.php\/2025\/02\/27\/presidente-maduro-el-papa-francisco-es-un-lider-necesario-para-la-humanidad\/","title":{"rendered":"Presidente Maduro: El Papa Francisco es un l\u00edder necesario para la humanidad \u00a0"},"content":{"rendered":"\n<p><strong>Palacio de Miraflores, Caracas.- <\/strong>El presidente de la Rep\u00fablica Bolivariana de Venezuela, Nicol\u00e1s Maduro Moros, envi\u00f3 un caluroso saludo y abrazos, en nombre de todo el pueblo de Venezuela, al Papa Francisco, quien actualmente se encuentra quebrantado de su salud.<\/p>\n\n\n\n<p>En esa l\u00ednea, el Mandatario se\u00f1al\u00f3 que el Papa salv\u00f3 a la iglesia cat\u00f3lica de los esc\u00e1ndalos y la inmensa crisis moral, y a su vez,&nbsp; resalt\u00f3 que \u00e9l ha hecho justicia al firmar la canonizaci\u00f3n del m\u00e9dico de los humildes, Jos\u00e9 Gregorio Hern\u00e1ndez.<\/p>\n\n\n\n<p>\u00abHonor a un hombre bueno, el papa Francisco, un l\u00edder \u00e9tico, un l\u00edder necesario&nbsp; para la humanidad\u00bb, puntualiz\u00f3 el Mandatario Nacional, quien adem\u00e1s dese\u00f3 larga vida para el Papa, y que \u00abJos\u00e9 Gregorio lo visite all\u00e1 en el hospital y ponga sus manos sobre \u00e9l\u00bb, resaltando que Jos\u00e9 Gregorio Hern\u00e1ndez siempre ha sido un instrumento de Dios para traer salud, esperanza y vida al pueblo de Venezuela.<\/p>\n\n\n\n<p>En la actualidad, el Papa Francisco se encuentra ingresado en el hospital Gemelli de Roma, conocido como el \u00abVaticano III\u00bb por Juan Pablo II, centro m\u00e9dico que ha sido referencia para los pont\u00edfices.<\/p>\n\n\n\n<p><strong>Jos\u00e9 Gregorio Hern\u00e1ndez<\/strong><strong>, m\u00e9dico de los humildes <\/strong><strong><\/strong><\/p>\n\n\n\n<p>En este contexto, el Dignatario subray\u00f3 que Jos\u00e9 Gregorio Hern\u00e1ndez es el santo y m\u00e9dico de los pobres, un gran patriota que \u00abfue y es santo del pueblo y de la iglesia cat\u00f3lica\u00bb, por lo que expres\u00f3: \u00ab \u00a1Honor y gloria, y un gran aplauso para el papa Francisco, del pueblo de fe, de Cristo de Venezuela!\u00bb.<\/p>\n\n\n\n<p>Asimismo, record\u00f3 que \u00e9l le regal\u00f3 en el a\u00f1o 2013, una estatuilla de madera que le regalaron unos artesanos en la ciudad de Trujillo, capital del estado Trujillo, justo&nbsp; cuando iba saliendo para Roma.<\/p>\n\n\n\n<p>En el momento que el presidente Maduro le entreg\u00f3 la estatuilla del Dr. Jos\u00e9 Gregorio Hern\u00e1ndez, el papa Francisco le pregunt\u00f3: \u00bfQui\u00e9n es Nicol\u00e1s? Y \u00e9l dijo: Jos\u00e9 Gregorio Hern\u00e1ndez.<\/p>\n\n\n\n<p>En ese instante, el Presidente&nbsp; tambi\u00e9n le cont\u00f3 la vida del m\u00e9dico del pueblo, quedando as\u00ed impresionado.<\/p>\n\n\n\n<p>Luego de esta anecd\u00f3tica pl\u00e1tica, el Papa inmediatamente orden\u00f3 mover el&nbsp; expediente de Jos\u00e9 Gregorio Hern\u00e1ndez, el cual estuvo por m\u00e1s de 30 a\u00f1os \u00abtrancado por los enemigos del pueblo, los enemigos de Jos\u00e9 Gregorio infiltrados en la iglesia\u00bb, asever\u00f3 el jefe de Estado.<\/p>\n\n\n\n<p>\u00a1Ahora Jos\u00e9 Gregorio est\u00e1 victorioso junto a su pueblo!, exclam\u00f3 el jefe de Estado venezolano.<\/p>\n\n\n\n<p><strong>Prensa Presidencial\/Irmary D\u00edaz.&nbsp;<\/strong><\/p>\n","protected":false},"excerpt":{"rendered":"<p>Palacio de Miraflores, Caracas.- El presidente de la Rep\u00fablica Bolivariana de Venezuela, Nicol\u00e1s Maduro Moros, envi\u00f3 un caluroso saludo y abrazos, en nombre de todo el pueblo de Venezuela, al Papa Francisco, quien actualmente se encuentra quebrantado de su salud. En esa l\u00ednea, el Mandatario se\u00f1al\u00f3 que el Papa salv\u00f3 a la iglesia cat\u00f3lica de [&hellip;]<\/p>\n","protected":false},"author":1,"featured_media":17768,"comment_status":"open","ping_status":"open","sticky":false,"template":"","format":"standard","meta":{"footnotes":""},"categories":[18,7],"tags":[1417,1415],"class_list":["post-17767","post","type-post","status-publish","format-standard","has-post-thumbnail","hentry","category-noticias-principales","category-notas-de-prensa","tag-francisco","tag-papa"],"_links":{"self":[{"href":"https:\/\/prensapresidencialvenezuela.gob.ve\/index.php\/wp-json\/wp\/v2\/posts\/17767","targetHints":{"allow":["GET"]}}],"collection":[{"href":"https:\/\/prensapresidencialvenezuela.gob.ve\/index.php\/wp-json\/wp\/v2\/posts"}],"about":[{"href":"https:\/\/prensapresidencialvenezuela.gob.ve\/index.php\/wp-json\/wp\/v2\/types\/post"}],"author":[{"embeddable":true,"href":"https:\/\/prensapresidencialvenezuela.gob.ve\/index.php\/wp-json\/wp\/v2\/users\/1"}],"replies":[{"embeddable":true,"href":"https:\/\/prensapresidencialvenezuela.gob.ve\/index.php\/wp-json\/wp\/v2\/comments?post=17767"}],"version-history":[{"count":1,"href":"https:\/\/prensapresidencialvenezuela.gob.ve\/index.php\/wp-json\/wp\/v2\/posts\/17767\/revisions"}],"predecessor-version":[{"id":17769,"href":"https:\/\/prensapresidencialvenezuela.gob.ve\/index.php\/wp-json\/wp\/v2\/posts\/17767\/revisions\/17769"}],"wp:featuredmedia":[{"embeddable":true,"href":"https:\/\/prensapresidencialvenezuela.gob.ve\/index.php\/wp-json\/wp\/v2\/media\/17768"}],"wp:attachment":[{"href":"https:\/\/prensapresidencialvenezuela.gob.ve\/index.php\/wp-json\/wp\/v2\/media?parent=17767"}],"wp:term":[{"taxonomy":"category","embeddable":true,"href":"https:\/\/prensapresidencialvenezuela.gob.ve\/index.php\/wp-json\/wp\/v2\/categories?post=17767"},{"taxonomy":"post_tag","embeddable":true,"href":"https:\/\/prensapresidencialvenezuela.gob.ve\/index.php\/wp-json\/wp\/v2\/tags?post=17767"}],"curies":[{"name":"wp","href":"https:\/\/api.w.org\/{rel}","templated":true}]}}