{"id":17770,"date":"2025-02-27T20:23:05","date_gmt":"2025-02-28T00:23:05","guid":{"rendered":"https:\/\/prensapresidencialvenezuela.gob.ve\/?p=17770"},"modified":"2025-02-27T20:23:06","modified_gmt":"2025-02-28T00:23:06","slug":"presidente-define-grandes-tareas-para-la-consolidacion-de-las-comunas-y-circuitos-comunales","status":"publish","type":"post","link":"https:\/\/prensapresidencialvenezuela.gob.ve\/index.php\/2025\/02\/27\/presidente-define-grandes-tareas-para-la-consolidacion-de-las-comunas-y-circuitos-comunales\/","title":{"rendered":"Presidente define grandes tareas para la consolidaci\u00f3n de las Comunas y Circuitos Comunales"},"content":{"rendered":"\n<p><strong>Palacio de Miraflores, Caracas.-<\/strong> En su discurso de este jueves, el presidente Nicol\u00e1s Maduro subray\u00f3 la relevancia de avanzar en el proceso de consolidaci\u00f3n de las comunas y circuitos comunales, describi\u00e9ndolo como \u00abla madre de todas las tareas\u00bb.<\/p>\n\n\n\n<p>Durante su intervenci\u00f3n, enfatiz\u00f3: \u00abTenemos grandes tareas en pleno desarrollo\u00bb y que es fundamental \u00abconsolidar el poder en el territorio\u00bb.<\/p>\n\n\n\n<p>El Mandatario hizo un llamado a los responsables de la gesti\u00f3n territorial, indicando que \u00ablos cinco mil trescientos veintiocho circuitos comunales deben avanzar\u00bb.<\/p>\n\n\n\n<p>En este contexto, inst\u00f3 al ministro del Poder Popular para Comunas, Movimientos Sociales y Agricultura Urbana, \u00c1ngel Prado a \u00abavanzar en su consolidaci\u00f3n organizativa, pol\u00edtica, gubernamental\u00bb, estableciendo como meta que \u00abpara el 27 de abril debemos tener instaladas todas las salas de autogobierno comunal en los circuitos comunales\u00bb.<\/p>\n\n\n\n<p>Asimismo, plante\u00f3 una visi\u00f3n ambiciosa para el futuro, se\u00f1alando: \u00abUna meta ideal, \u00f3ptima, es en dos a\u00f1os, en el 2027, es tener ya bien organizada, activada, gobernando el territorio, seis mil comunas a lo largo y ancho del pa\u00eds\u00bb. Asegur\u00f3 que el objetivo es \u00abavanzar del circuito comunal a la comuna estructurada, agregada, articulada, operando, con liderazgo\u00bb.<\/p>\n\n\n\n<p>Entre las tareas que se deben cumplir antes de la primera meta del 27 de abril, el Presidente mencion\u00f3 tres puntos claves.<\/p>\n\n\n\n<p>La primera es garantizar que \u00abbajen todos los recursos para financiar todos los 5 338 proyectos de la primera consulta\u00bb, y advirti\u00f3 a los gobernadores y alcaldes: \u00abAl que no me cumpla, me lo dicen \u2014pueblo de Venezuela\u2014 para que no sea candidato de nada m\u00e1s nunca\u00bb.<\/p>\n\n\n\n<p>La segunda tarea se centra en prepararse para la selecci\u00f3n de la segunda consulta nacional \u00absin falta, sin falla, sin demora\u00bb, orient\u00f3; y la tercera consiste en el \u00abdebate y perfeccionamiento del plan de las 7T\u00bb y que cada circuito comunal tenga su Agenda Concreta de Acci\u00f3n (ACA) de las 7T.<\/p>\n\n\n\n<p>El Dignatario venezolano reflexion\u00f3 sobre los avances logrados en los \u00faltimos 36 a\u00f1os: \u00ab\u00bfUstedes se dan cuenta cu\u00e1nto hemos avanzado desde hace 36 a\u00f1os a hoy? Cuando la oligarqu\u00eda, los apellidos mandaban aqu\u00ed, al pueblo lo persegu\u00edan, lo masacraban, le negaban los derechos y 36 a\u00f1os despu\u00e9s el pueblo es gobierno, el pueblo es poder\u00bb.<\/p>\n\n\n\n<p>El presidente Maduro tambi\u00e9n hizo hincapi\u00e9 en la necesidad de consolidar la organizaci\u00f3n de base de cada gran misi\u00f3n de nueva generaci\u00f3n.<\/p>\n\n\n\n<p>En este contexto, solicit\u00f3 a la ministra del Poder Popular para la Juventud, Grecia Colmenares y G\u00e9nesis Garvett, jefa de la Gran Misi\u00f3n Venezuela Joven, que organicen los comit\u00e9s de j\u00f3venes en todos los circuitos comunales.<\/p>\n\n\n\n<p>\u00abNecesitamos que la Gran Misi\u00f3n Venezuela Joven tenga los comit\u00e9s de j\u00f3venes en todos los circuitos comunales estructurados. Grecia y G\u00e9nesis se me ponen en eso las 24 horas, sigan recorriendo y me garantizan que lo m\u00e1s pronto posible tengamos los cinco mil trescientos treinta y ocho circuitos comunales con sus comit\u00e9 de base de la juventud de la gran misi\u00f3n Venezuela joven, para que le lleguen los beneficios a la juventud\u00bb.<\/p>\n\n\n\n<p>Asimismo, instruy\u00f3 a la ministra del Poder Popular para la Mujer e Igualdad de G\u00e9nero, Jhoanna Carrillo, \u00aborganizar el Movimiento Nacional de Mujeres Josefa Joaquina S\u00e1nchez, en los cinco mil trescientos treinta y ocho circuitos comunales sin falta, sin demora\u00bb.<\/p>\n\n\n\n<p>En la &nbsp;alocuci\u00f3n tambi\u00e9n orient\u00f3 a los encargados de la Gran Misi\u00f3n Viva Venezuela mi Patria Querida y la Gran Misi\u00f3n Abuelos y Abuelas de la Patria, sumarse a estas tareas en el territorio.<\/p>\n\n\n\n<p>\u00abTodo esto debe dar como resultado que pueblo y gobierno seamos uno solo en movimiento, que todos los recursos del presupuesto y del pa\u00eds vayan directo a proteger al joven, a la abuela, al abuelo, a la mujer, a la familia, a la madre, al ni\u00f1o, a la ni\u00f1a. Vaya a desarrollar la cultura, la ciencia, la educaci\u00f3n, la tecnolog\u00eda, la innovaci\u00f3n\u00bb.<\/p>\n\n\n\n<p>En este sentido, explic\u00f3: \u00abEs una estrategia acumulativa de organizaci\u00f3n, de acciones, de conciencia y de poder popular que debe provocar lo que hemos planteado en el plan de las 7 transformaciones, la gran transformaci\u00f3n hist\u00f3rica para que Venezuela avance en hacia el pa\u00eds potencia que nos leg\u00f3 el comandante Hugo Ch\u00e1vez como tarea, como misi\u00f3n. No nos dejemos distraer, estamos fuertes y preparados\u00bb.<\/p>\n\n\n\n<p>&nbsp;<strong>Prensa Presidencial \/ Eduardo Hueck<\/strong><\/p>\n","protected":false},"excerpt":{"rendered":"<p>Palacio de Miraflores, Caracas.- En su discurso de este jueves, el presidente Nicol\u00e1s Maduro subray\u00f3 la relevancia de avanzar en el proceso de consolidaci\u00f3n de las comunas y circuitos comunales, describi\u00e9ndolo como \u00abla madre de todas las tareas\u00bb. Durante su intervenci\u00f3n, enfatiz\u00f3: \u00abTenemos grandes tareas en pleno desarrollo\u00bb y que es fundamental \u00abconsolidar el poder [&hellip;]<\/p>\n","protected":false},"author":1,"featured_media":17771,"comment_status":"open","ping_status":"open","sticky":false,"template":"","format":"standard","meta":{"footnotes":""},"categories":[18,7],"tags":[80,917],"class_list":["post-17770","post","type-post","status-publish","format-standard","has-post-thumbnail","hentry","category-noticias-principales","category-notas-de-prensa","tag-comunas","tag-tareas"],"_links":{"self":[{"href":"https:\/\/prensapresidencialvenezuela.gob.ve\/index.php\/wp-json\/wp\/v2\/posts\/17770","targetHints":{"allow":["GET"]}}],"collection":[{"href":"https:\/\/prensapresidencialvenezuela.gob.ve\/index.php\/wp-json\/wp\/v2\/posts"}],"about":[{"href":"https:\/\/prensapresidencialvenezuela.gob.ve\/index.php\/wp-json\/wp\/v2\/types\/post"}],"author":[{"embeddable":true,"href":"https:\/\/prensapresidencialvenezuela.gob.ve\/index.php\/wp-json\/wp\/v2\/users\/1"}],"replies":[{"embeddable":true,"href":"https:\/\/prensapresidencialvenezuela.gob.ve\/index.php\/wp-json\/wp\/v2\/comments?post=17770"}],"version-history":[{"count":1,"href":"https:\/\/prensapresidencialvenezuela.gob.ve\/index.php\/wp-json\/wp\/v2\/posts\/17770\/revisions"}],"predecessor-version":[{"id":17772,"href":"https:\/\/prensapresidencialvenezuela.gob.ve\/index.php\/wp-json\/wp\/v2\/posts\/17770\/revisions\/17772"}],"wp:featuredmedia":[{"embeddable":true,"href":"https:\/\/prensapresidencialvenezuela.gob.ve\/index.php\/wp-json\/wp\/v2\/media\/17771"}],"wp:attachment":[{"href":"https:\/\/prensapresidencialvenezuela.gob.ve\/index.php\/wp-json\/wp\/v2\/media?parent=17770"}],"wp:term":[{"taxonomy":"category","embeddable":true,"href":"https:\/\/prensapresidencialvenezuela.gob.ve\/index.php\/wp-json\/wp\/v2\/categories?post=17770"},{"taxonomy":"post_tag","embeddable":true,"href":"https:\/\/prensapresidencialvenezuela.gob.ve\/index.php\/wp-json\/wp\/v2\/tags?post=17770"}],"curies":[{"name":"wp","href":"https:\/\/api.w.org\/{rel}","templated":true}]}}