{"id":17967,"date":"2025-03-10T11:14:21","date_gmt":"2025-03-10T15:14:21","guid":{"rendered":"https:\/\/prensapresidencialvenezuela.gob.ve\/?p=17967"},"modified":"2025-03-10T11:14:22","modified_gmt":"2025-03-10T15:14:22","slug":"presidente-maduro-celebra-el-dia-del-medico-en-venezuela-con-enfoque-en-el-desarrollo-cientifico","status":"publish","type":"post","link":"https:\/\/prensapresidencialvenezuela.gob.ve\/index.php\/2025\/03\/10\/presidente-maduro-celebra-el-dia-del-medico-en-venezuela-con-enfoque-en-el-desarrollo-cientifico\/","title":{"rendered":"Presidente Maduro celebra el D\u00eda del M\u00e9dico en Venezuela con enfoque en el desarrollo cient\u00edfico"},"content":{"rendered":"\n<p><strong>Palacio de Miraflores, Caracas.-<\/strong>En el marco del D\u00eda del M\u00e9dico, este 10 de marzo, el presidente de la Rep\u00fablica Bolivariana de Venezuela, Nicol\u00e1s Maduro, ha destacado el compromiso del pa\u00eds con la salud preventiva y curativa.<\/p>\n\n\n\n<p>A trav\u00e9s de sus redes sociales, Maduro afirm\u00f3 que Venezuela est\u00e1 llamada a liderar en la b\u00fasqueda de soluciones en este \u00e1mbito.<\/p>\n\n\n\n<p>I<strong>nnovaci\u00f3n en tratamientos de salud<\/strong><\/p>\n\n\n\n<p>El Mandatario subray\u00f3 que el progreso en la salud ser\u00e1 po<a><\/a>sible gracias a los \u201cavances en la investigaci\u00f3n y desarrollo de tratamientos innovadores\u201d.<\/p>\n\n\n\n<p>Este enfoque evidencia la intenci\u00f3n del Gobierno Bolivariano de fortalecer el sistema de salud venezolano mediante el uso de la ciencia y la tecnolog\u00eda.<\/p>\n\n\n\n<p><strong>Construyendo el socialismo cient\u00edfico<\/strong><\/p>\n\n\n\n<p>En su mensaje, Nicol\u00e1s Maduro enfatiz\u00f3: \u201cEste es el verdadero socialismo cient\u00edfico. \u00a1Estamos construy\u00e9ndolo!\u201d Este concepto refleja la propuesta del jefe de Estado de transformar la vida material y espiritual del pa\u00eds a trav\u00e9s del conocimiento y la investigaci\u00f3n.<\/p>\n\n\n\n<p><strong>Iniciativas en desarrollo cient\u00edfico<\/strong><\/p>\n\n\n\n<p>La publicaci\u00f3n del Presidente incluy\u00f3 un video que muestra diversas pol\u00edticas implementadas para fomentar el desarrollo en \u00e1reas cient\u00edficas y tecnol\u00f3gicas. Entre estas iniciativas, se destacan:<\/p>\n\n\n\n<p>\u2022\u2060\u2060El Semillero Cient\u00edfico en escuelas y liceos, que busca incentivar la curiosidad y formaci\u00f3n de nuevas generaciones en la ciencia.<\/p>\n\n\n\n<p>\u2022\u2060\u2060La creaci\u00f3n de la Universidad de las Ciencias Dr. Humberto Fern\u00e1ndez-Mor\u00e1n, enfocada en la formaci\u00f3n de profesionales en el sector de la salud y tecnolog\u00eda.<\/p>\n\n\n\n<p>\u2022\u2060\u2060La Gran Misi\u00f3n Ciencia y Tecnolog\u00eda, que promueve el avance de la investigaci\u00f3n en el pa\u00eds.<\/p>\n\n\n\n<p>El presidente Maduro concluy\u00f3 su mensaje con la afirmaci\u00f3n: \u201cEl verdadero socialismo cient\u00edfico es el que estamos creando en el siglo XXI\u201d, evidenciando as\u00ed su visi\u00f3n de un futuro donde la ciencia sea la base de la transformaci\u00f3n social en Venezuela.<\/p>\n\n\n\n<p><strong>Prensa Presidencial\/ Luis Tavera<\/strong><\/p>\n","protected":false},"excerpt":{"rendered":"<p>Palacio de Miraflores, Caracas.-En el marco del D\u00eda del M\u00e9dico, este 10 de marzo, el presidente de la Rep\u00fablica Bolivariana de Venezuela, Nicol\u00e1s Maduro, ha destacado el compromiso del pa\u00eds con la salud preventiva y curativa. A trav\u00e9s de sus redes sociales, Maduro afirm\u00f3 que Venezuela est\u00e1 llamada a liderar en la b\u00fasqueda de soluciones [&hellip;]<\/p>\n","protected":false},"author":1,"featured_media":17968,"comment_status":"open","ping_status":"open","sticky":false,"template":"","format":"standard","meta":{"footnotes":""},"categories":[18,7],"tags":[1108,1455,1454],"class_list":["post-17967","post","type-post","status-publish","format-standard","has-post-thumbnail","hentry","category-noticias-principales","category-notas-de-prensa","tag-celebracion","tag-dia","tag-medicos"],"_links":{"self":[{"href":"https:\/\/prensapresidencialvenezuela.gob.ve\/index.php\/wp-json\/wp\/v2\/posts\/17967","targetHints":{"allow":["GET"]}}],"collection":[{"href":"https:\/\/prensapresidencialvenezuela.gob.ve\/index.php\/wp-json\/wp\/v2\/posts"}],"about":[{"href":"https:\/\/prensapresidencialvenezuela.gob.ve\/index.php\/wp-json\/wp\/v2\/types\/post"}],"author":[{"embeddable":true,"href":"https:\/\/prensapresidencialvenezuela.gob.ve\/index.php\/wp-json\/wp\/v2\/users\/1"}],"replies":[{"embeddable":true,"href":"https:\/\/prensapresidencialvenezuela.gob.ve\/index.php\/wp-json\/wp\/v2\/comments?post=17967"}],"version-history":[{"count":1,"href":"https:\/\/prensapresidencialvenezuela.gob.ve\/index.php\/wp-json\/wp\/v2\/posts\/17967\/revisions"}],"predecessor-version":[{"id":17969,"href":"https:\/\/prensapresidencialvenezuela.gob.ve\/index.php\/wp-json\/wp\/v2\/posts\/17967\/revisions\/17969"}],"wp:featuredmedia":[{"embeddable":true,"href":"https:\/\/prensapresidencialvenezuela.gob.ve\/index.php\/wp-json\/wp\/v2\/media\/17968"}],"wp:attachment":[{"href":"https:\/\/prensapresidencialvenezuela.gob.ve\/index.php\/wp-json\/wp\/v2\/media?parent=17967"}],"wp:term":[{"taxonomy":"category","embeddable":true,"href":"https:\/\/prensapresidencialvenezuela.gob.ve\/index.php\/wp-json\/wp\/v2\/categories?post=17967"},{"taxonomy":"post_tag","embeddable":true,"href":"https:\/\/prensapresidencialvenezuela.gob.ve\/index.php\/wp-json\/wp\/v2\/tags?post=17967"}],"curies":[{"name":"wp","href":"https:\/\/api.w.org\/{rel}","templated":true}]}}