{"id":1798,"date":"2022-04-27T22:23:00","date_gmt":"2022-04-27T22:23:00","guid":{"rendered":"http:\/\/172.27.0.121\/?p=1798"},"modified":"2022-06-29T22:25:41","modified_gmt":"2022-06-29T22:25:41","slug":"emprendedores-son-garantes-del-buen-funcionamiento-del-mercado-interno-venezolano","status":"publish","type":"post","link":"https:\/\/prensapresidencialvenezuela.gob.ve\/index.php\/2022\/04\/27\/emprendedores-son-garantes-del-buen-funcionamiento-del-mercado-interno-venezolano\/","title":{"rendered":"Emprendedores son garantes del buen funcionamiento del mercado interno venezolano"},"content":{"rendered":"\n<p>Palacio de Miraflores, Caracas. \u2013 El funcionamiento del mercado interno es uno de los indicadores m\u00e1s importantes del crecimiento econ\u00f3mico que se vislumbra en el a\u00f1o 2022 para Venezuela, enfatiz\u00f3 el presidente de la Rep\u00fablica Bolivariana de Venezuela, Nicol\u00e1s Maduro, en la Jornada de Impulso dedicada al Motor Emprendimiento, en el contexto de la Agenda Econ\u00f3mica Bolivariana, celebrada en el Palacio de Miraflores.<\/p>\n\n\n\n<p>Un ejemplo de la efectiva din\u00e1mica de este mercado interno es el trabajo que se realiza desde los estados del pa\u00eds para afianzar el Motor Emprendimiento.<\/p>\n\n\n\n<p>En esa l\u00ednea, el jefe de Estado realiz\u00f3 un contacto televisivo con el estado Monagas para inaugurar la primera sede de Emprender Juntos en Matur\u00edn y entregar m\u00e1s de 250 Certificados a emprendedores.<\/p>\n\n\n\n<p>All\u00ed el gobernador de la entidad, Ernesto Luna,<br>refiri\u00f3 aspectos sobre el v\u00e9rtice Feria en el que se muestran las bondades de los emprendimientos que se impulsan en este estado.<\/p>\n\n\n\n<p>En Barquisimeto se visibiliz\u00f3, durante un contacto televisivo, la Feria Vitrina Venezuela, capitul\u00f3 Lara, en donde se entregaron financiamiento y se explicaron los avances y c\u00f3mo se ha trabajado en las 4F del emprendimiento: formalizaci\u00f3n, formaci\u00f3n, financiamiento y feria productiva.<\/p>\n\n\n\n<p>En el estado Gu\u00e1rico, el gobernador Jos\u00e9 V\u00e1squez; junto a Sim\u00f3n Zerpa, presidente del Banco Bicentenario, comparti\u00f3 con el pa\u00eds la entrega de financiamiento a m\u00e1s de 88 emprendedores y emprendedoras, para fortalecer la nueva econom\u00eda nacional , como parte de la Nueva Etapa de Transici\u00f3n al Socialismo (3R.Nets).<\/p>\n\n\n\n<p>El Mandatario venezolano indico que \u201ctodo lo que se produce en Venezuela es de calidad , rompemos los est\u00e1ndares mundiales de calidad\u201d.<\/p>\n\n\n\n<p>Asimismo, ratific\u00f3 el Dignatario : \u201cQueremos ir a la econom\u00eda 100% digital. Es uno de los instrumentos que estamos\u201d impulsando: El Bol\u00edvar digital.<\/p>\n\n\n\n<p><strong>Prensa Presidencial\/Ana\u00eds P\u00e9rez<\/strong><\/p>\n","protected":false},"excerpt":{"rendered":"<p>Palacio de Miraflores, Caracas. \u2013 El funcionamiento del mercado interno es uno de los indicadores m\u00e1s importantes del crecimiento econ\u00f3mico que se vislumbra en el a\u00f1o 2022 para Venezuela, enfatiz\u00f3 el presidente de la Rep\u00fablica Bolivariana de Venezuela, Nicol\u00e1s Maduro, en la Jornada de Impulso dedicada al Motor Emprendimiento, en el contexto de la Agenda [&hellip;]<\/p>\n","protected":false},"author":6,"featured_media":1799,"comment_status":"open","ping_status":"open","sticky":false,"template":"","format":"standard","meta":{"footnotes":""},"categories":[7],"tags":[],"class_list":["post-1798","post","type-post","status-publish","format-standard","has-post-thumbnail","hentry","category-notas-de-prensa"],"_links":{"self":[{"href":"https:\/\/prensapresidencialvenezuela.gob.ve\/index.php\/wp-json\/wp\/v2\/posts\/1798","targetHints":{"allow":["GET"]}}],"collection":[{"href":"https:\/\/prensapresidencialvenezuela.gob.ve\/index.php\/wp-json\/wp\/v2\/posts"}],"about":[{"href":"https:\/\/prensapresidencialvenezuela.gob.ve\/index.php\/wp-json\/wp\/v2\/types\/post"}],"author":[{"embeddable":true,"href":"https:\/\/prensapresidencialvenezuela.gob.ve\/index.php\/wp-json\/wp\/v2\/users\/6"}],"replies":[{"embeddable":true,"href":"https:\/\/prensapresidencialvenezuela.gob.ve\/index.php\/wp-json\/wp\/v2\/comments?post=1798"}],"version-history":[{"count":1,"href":"https:\/\/prensapresidencialvenezuela.gob.ve\/index.php\/wp-json\/wp\/v2\/posts\/1798\/revisions"}],"predecessor-version":[{"id":1800,"href":"https:\/\/prensapresidencialvenezuela.gob.ve\/index.php\/wp-json\/wp\/v2\/posts\/1798\/revisions\/1800"}],"wp:featuredmedia":[{"embeddable":true,"href":"https:\/\/prensapresidencialvenezuela.gob.ve\/index.php\/wp-json\/wp\/v2\/media\/1799"}],"wp:attachment":[{"href":"https:\/\/prensapresidencialvenezuela.gob.ve\/index.php\/wp-json\/wp\/v2\/media?parent=1798"}],"wp:term":[{"taxonomy":"category","embeddable":true,"href":"https:\/\/prensapresidencialvenezuela.gob.ve\/index.php\/wp-json\/wp\/v2\/categories?post=1798"},{"taxonomy":"post_tag","embeddable":true,"href":"https:\/\/prensapresidencialvenezuela.gob.ve\/index.php\/wp-json\/wp\/v2\/tags?post=1798"}],"curies":[{"name":"wp","href":"https:\/\/api.w.org\/{rel}","templated":true}]}}