{"id":17980,"date":"2025-03-10T16:00:21","date_gmt":"2025-03-10T20:00:21","guid":{"rendered":"https:\/\/prensapresidencialvenezuela.gob.ve\/?p=17980"},"modified":"2025-03-10T16:00:22","modified_gmt":"2025-03-10T20:00:22","slug":"venezuela-reafirma-su-compromiso-con-la-cooperacion-internacional","status":"publish","type":"post","link":"https:\/\/prensapresidencialvenezuela.gob.ve\/index.php\/2025\/03\/10\/venezuela-reafirma-su-compromiso-con-la-cooperacion-internacional\/","title":{"rendered":"Venezuela reafirma su compromiso con la cooperaci\u00f3n internacional"},"content":{"rendered":"\n<p><strong>Palacio de Miraflores, Caracas.-<\/strong> En una reciente declaraci\u00f3n a los medios de comunicaci\u00f3n, la Vicepresidenta Ejecutiva de la Rep\u00fablica Bolivariana de Venezuela, Delcy Rodr\u00edguez, destac\u00f3 el compromiso del pa\u00eds con la paz y la cooperaci\u00f3n internacional.<\/p>\n\n\n\n<p>\u00abVenezuela siempre su mano extendida al mundo, su mano extendida al Caribe, de hermandad, de amistad, de cooperaci\u00f3n. Ese es nuestro camino: la paz, la prosperidad y la felicidad social de nuestro pueblo. Ese es nuestro norte, esa nuestra br\u00fajula, esa nuestra gu\u00eda y all\u00e1 seguiremos nosotros dirigi\u00e9ndole\u00bb, afirm\u00f3.<\/p>\n\n\n\n<p>En declaraciones a la prensa nacional e internacional, desde el Palacio de Miraflores, la Vicepresidenta venezolana tambi\u00e9n hizo se\u00f1alamientos sobre aquellos que buscan perjudicar a la naci\u00f3n &nbsp;<\/p>\n\n\n\n<p>\u00abAs\u00ed que con esta informaci\u00f3n estamos dejando, responsablemente, la evidencia para que se sepa qui\u00e9nes piden sanciones contra el pa\u00eds, quienes piden bloqueo econ\u00f3mico criminal contra el pa\u00eds\u00bb, dijo, al referirse al \u00abextremismo opositor fracasado\u00bb y a la empresa ExxonMobil, que est\u00e1 involucrada en actividades de <em>lobby<\/em>.<\/p>\n\n\n\n<p>Con respecto al documento: \u00abSanciones en el petr\u00f3leo de Venezuela, menos dinero, menos poder\u00bb, presentado en sus declaraciones, Rodr\u00edguez no escatim\u00f3 palabras al calificar el an\u00e1lisis presentado por ExxonMobil: \u00abAh\u00ed est\u00e1 pagando <em>lobby<\/em> (\u2026) an\u00e1lisis y chimbo, hay que decirlo, porque me lo le\u00ed de la primera a la \u00faltima p\u00e1gina, p\u00e9simo, no es una investigaci\u00f3n seria, su fuente da risa\u00bb.<\/p>\n\n\n\n<p><strong>Prensa Presidencial \/ Eduardo Hueck<\/strong><\/p>\n","protected":false},"excerpt":{"rendered":"<p>Palacio de Miraflores, Caracas.- En una reciente declaraci\u00f3n a los medios de comunicaci\u00f3n, la Vicepresidenta Ejecutiva de la Rep\u00fablica Bolivariana de Venezuela, Delcy Rodr\u00edguez, destac\u00f3 el compromiso del pa\u00eds con la paz y la cooperaci\u00f3n internacional. \u00abVenezuela siempre su mano extendida al mundo, su mano extendida al Caribe, de hermandad, de amistad, de cooperaci\u00f3n. Ese [&hellip;]<\/p>\n","protected":false},"author":1,"featured_media":17982,"comment_status":"open","ping_status":"open","sticky":false,"template":"","format":"standard","meta":{"footnotes":""},"categories":[18,7],"tags":[619,1152],"class_list":["post-17980","post","type-post","status-publish","format-standard","has-post-thumbnail","hentry","category-noticias-principales","category-notas-de-prensa","tag-cooperacion","tag-vicepresidenta"],"_links":{"self":[{"href":"https:\/\/prensapresidencialvenezuela.gob.ve\/index.php\/wp-json\/wp\/v2\/posts\/17980","targetHints":{"allow":["GET"]}}],"collection":[{"href":"https:\/\/prensapresidencialvenezuela.gob.ve\/index.php\/wp-json\/wp\/v2\/posts"}],"about":[{"href":"https:\/\/prensapresidencialvenezuela.gob.ve\/index.php\/wp-json\/wp\/v2\/types\/post"}],"author":[{"embeddable":true,"href":"https:\/\/prensapresidencialvenezuela.gob.ve\/index.php\/wp-json\/wp\/v2\/users\/1"}],"replies":[{"embeddable":true,"href":"https:\/\/prensapresidencialvenezuela.gob.ve\/index.php\/wp-json\/wp\/v2\/comments?post=17980"}],"version-history":[{"count":1,"href":"https:\/\/prensapresidencialvenezuela.gob.ve\/index.php\/wp-json\/wp\/v2\/posts\/17980\/revisions"}],"predecessor-version":[{"id":17983,"href":"https:\/\/prensapresidencialvenezuela.gob.ve\/index.php\/wp-json\/wp\/v2\/posts\/17980\/revisions\/17983"}],"wp:featuredmedia":[{"embeddable":true,"href":"https:\/\/prensapresidencialvenezuela.gob.ve\/index.php\/wp-json\/wp\/v2\/media\/17982"}],"wp:attachment":[{"href":"https:\/\/prensapresidencialvenezuela.gob.ve\/index.php\/wp-json\/wp\/v2\/media?parent=17980"}],"wp:term":[{"taxonomy":"category","embeddable":true,"href":"https:\/\/prensapresidencialvenezuela.gob.ve\/index.php\/wp-json\/wp\/v2\/categories?post=17980"},{"taxonomy":"post_tag","embeddable":true,"href":"https:\/\/prensapresidencialvenezuela.gob.ve\/index.php\/wp-json\/wp\/v2\/tags?post=17980"}],"curies":[{"name":"wp","href":"https:\/\/api.w.org\/{rel}","templated":true}]}}