{"id":17987,"date":"2025-03-10T19:17:52","date_gmt":"2025-03-10T23:17:52","guid":{"rendered":"https:\/\/prensapresidencialvenezuela.gob.ve\/?p=17987"},"modified":"2025-03-10T19:17:52","modified_gmt":"2025-03-10T23:17:52","slug":"venezuela-esta-en-paz-y-encaminada-hacia-la-prosperidad","status":"publish","type":"post","link":"https:\/\/prensapresidencialvenezuela.gob.ve\/index.php\/2025\/03\/10\/venezuela-esta-en-paz-y-encaminada-hacia-la-prosperidad\/","title":{"rendered":"Venezuela est\u00e1 en paz y encaminada hacia la prosperidad"},"content":{"rendered":"\n<p><strong>Palacio de Miraflores, Caracas.-<\/strong> Durante la edici\u00f3n N\u00b0 73 de su programa semanal <em>Con Maduro +,<\/em> el presidente de la Rep\u00fablica Bolivariana de Venezuela, Nicol\u00e1s Maduro Moros, enfatiz\u00f3 que Venezuela se encuentra en paz y encaminada hacia la prosperidad.<\/p>\n\n\n\n<p>Asimismo, dijo que la Naci\u00f3n venezolana est\u00e1 construyendo su felicidad y levant\u00e1ndose sobre la base de sus esfuerzos, ya que los venezolanos son los \u00fanicos responsables de edificar su Patria.<\/p>\n\n\n\n<p>Por otra parte, el jefe de Estado se\u00f1al\u00f3 que no existe otra alternativa para el pa\u00eds, sino la de construir Patria, porque \u00abla alternativa de no tener Patria no existe en el horizonte, ni en la vida de los venezolanos\u00bb, dado que el objetivo es tener pueblo y victoria.<\/p>\n\n\n\n<p>El Mandatario Nacional tambi\u00e9n hizo un reconteo de las actividades relevantes de los d\u00edas pasados, durante el desarrollo de los Carnavales 2025, en las que Venezuela demostr\u00f3 que es un pa\u00eds alegre y unido.<\/p>\n\n\n\n<p>Aunado a esto, record\u00f3 que entre las actividades relevantes de la semana pasada estuvo la conmemoraci\u00f3n de los 12 a\u00f1os del paso a la inmortalidad del comandante Hugo Ch\u00e1vez, quien se mantiene en los corazones y acciones de los venezolanos, para demostrar que s\u00ed se puede construir la Patria potencia so\u00f1ada por Ch\u00e1vez, que en el presente es protegida por el presidente Nicol\u00e1s Maduro.<\/p>\n\n\n\n<p><strong>Prensa Presidencial\/Irmary D\u00edaz.<\/strong><\/p>\n","protected":false},"excerpt":{"rendered":"<p>Palacio de Miraflores, Caracas.- Durante la edici\u00f3n N\u00b0 73 de su programa semanal Con Maduro +, el presidente de la Rep\u00fablica Bolivariana de Venezuela, Nicol\u00e1s Maduro Moros, enfatiz\u00f3 que Venezuela se encuentra en paz y encaminada hacia la prosperidad. Asimismo, dijo que la Naci\u00f3n venezolana est\u00e1 construyendo su felicidad y levant\u00e1ndose sobre la base de [&hellip;]<\/p>\n","protected":false},"author":1,"featured_media":17988,"comment_status":"open","ping_status":"open","sticky":false,"template":"","format":"standard","meta":{"footnotes":""},"categories":[18,7],"tags":[557,466,20],"class_list":["post-17987","post","type-post","status-publish","format-standard","has-post-thumbnail","hentry","category-noticias-principales","category-notas-de-prensa","tag-paz","tag-prosperidad","tag-venezuela"],"_links":{"self":[{"href":"https:\/\/prensapresidencialvenezuela.gob.ve\/index.php\/wp-json\/wp\/v2\/posts\/17987","targetHints":{"allow":["GET"]}}],"collection":[{"href":"https:\/\/prensapresidencialvenezuela.gob.ve\/index.php\/wp-json\/wp\/v2\/posts"}],"about":[{"href":"https:\/\/prensapresidencialvenezuela.gob.ve\/index.php\/wp-json\/wp\/v2\/types\/post"}],"author":[{"embeddable":true,"href":"https:\/\/prensapresidencialvenezuela.gob.ve\/index.php\/wp-json\/wp\/v2\/users\/1"}],"replies":[{"embeddable":true,"href":"https:\/\/prensapresidencialvenezuela.gob.ve\/index.php\/wp-json\/wp\/v2\/comments?post=17987"}],"version-history":[{"count":1,"href":"https:\/\/prensapresidencialvenezuela.gob.ve\/index.php\/wp-json\/wp\/v2\/posts\/17987\/revisions"}],"predecessor-version":[{"id":17989,"href":"https:\/\/prensapresidencialvenezuela.gob.ve\/index.php\/wp-json\/wp\/v2\/posts\/17987\/revisions\/17989"}],"wp:featuredmedia":[{"embeddable":true,"href":"https:\/\/prensapresidencialvenezuela.gob.ve\/index.php\/wp-json\/wp\/v2\/media\/17988"}],"wp:attachment":[{"href":"https:\/\/prensapresidencialvenezuela.gob.ve\/index.php\/wp-json\/wp\/v2\/media?parent=17987"}],"wp:term":[{"taxonomy":"category","embeddable":true,"href":"https:\/\/prensapresidencialvenezuela.gob.ve\/index.php\/wp-json\/wp\/v2\/categories?post=17987"},{"taxonomy":"post_tag","embeddable":true,"href":"https:\/\/prensapresidencialvenezuela.gob.ve\/index.php\/wp-json\/wp\/v2\/tags?post=17987"}],"curies":[{"name":"wp","href":"https:\/\/api.w.org\/{rel}","templated":true}]}}