{"id":17990,"date":"2025-03-10T19:20:04","date_gmt":"2025-03-10T23:20:04","guid":{"rendered":"https:\/\/prensapresidencialvenezuela.gob.ve\/?p=17990"},"modified":"2025-03-10T19:20:04","modified_gmt":"2025-03-10T23:20:04","slug":"chavez-ejemplo-determinante-en-la-vida-politica-de-venezuela-y-america-latina","status":"publish","type":"post","link":"https:\/\/prensapresidencialvenezuela.gob.ve\/index.php\/2025\/03\/10\/chavez-ejemplo-determinante-en-la-vida-politica-de-venezuela-y-america-latina\/","title":{"rendered":"Ch\u00e1vez, ejemplo determinante en la vida pol\u00edtica de Venezuela y Am\u00e9rica Latina"},"content":{"rendered":"\n<p><strong>Palacio de Miraflores, Caracas.- <\/strong>El presidente de la Rep\u00fablica Bolivariana de Venezuela, Nicol\u00e1s Maduro Moros, resalt\u00f3 que el Comandante Hugo Ch\u00e1vez sigue siendo determinante en la vida pol\u00edtica, moral, espiritual y cultural de Venezuela y Am\u00e9rica Latina, ya que dej\u00f3 la huella de lucha por la permanencia de la independencia y el honor.<\/p>\n\n\n\n<p>En la misma l\u00ednea, dijo que el imperialismo contin\u00faa con la persecuci\u00f3n hacia todo lo que suene a Ch\u00e1vez, a independencia, dignidad, honor y bolivarianismo, en cualquier lugar de Am\u00e9rica Latina y el Caribe.<\/p>\n\n\n\n<p>\u00abCh\u00e1vez es un hombre que sentimos vivo, a un lado, un maestro que sigue dando grandes lecciones a su pueblo, en este proceso de resistencia y de liberaci\u00f3n definitiva de Venezuela del yugo del imperialismo norteamericano, de la oligarqu\u00eda y el fascismo\u00bb, puntualiz\u00f3 el Mandatario Nacional en su programa <em>Con Maduro +.<\/em><\/p>\n\n\n\n<p>El Dignatario enfatiz\u00f3 que el pa\u00eds sigue en permanente crecimiento con el Ch\u00e1vez hecho Comunas, porque mientras se desarrolla la democracia directa, participativa, popular y socialista en el pa\u00eds, all\u00ed se encuentra la esencia y el pensamiento del Comandante.<\/p>\n\n\n\n<p>El Presidente venezolano destac\u00f3 que los ni\u00f1os y ni\u00f1as, as\u00ed como la juventud venezolana tienen que seguir creciendo, con el pensamiento, admiraci\u00f3n al hombre que \u00abtoc\u00f3 el despertar de todo un pueblo\u00bb, porque con \u00e9l se dio la llegada de la Revoluci\u00f3n Bolivariana al Gobierno.<\/p>\n\n\n\n<p>Subray\u00f3 que la Revoluci\u00f3n Bolivariana toma cada vez m\u00e1s fuerza e impulso, para su construcci\u00f3n, en el marco del siglo XXI y un nuevo Estado moderno, democr\u00e1tico y popular, en vista de que \u00abla visi\u00f3n es tener un modelo independiente para ejercer la autodeterminaci\u00f3n\u00bb.<\/p>\n\n\n\n<p><strong>Prensa Presidencial\/Irmary D\u00edaz<\/strong><\/p>\n","protected":false},"excerpt":{"rendered":"<p>Palacio de Miraflores, Caracas.- El presidente de la Rep\u00fablica Bolivariana de Venezuela, Nicol\u00e1s Maduro Moros, resalt\u00f3 que el Comandante Hugo Ch\u00e1vez sigue siendo determinante en la vida pol\u00edtica, moral, espiritual y cultural de Venezuela y Am\u00e9rica Latina, ya que dej\u00f3 la huella de lucha por la permanencia de la independencia y el honor. En la [&hellip;]<\/p>\n","protected":false},"author":1,"featured_media":17991,"comment_status":"open","ping_status":"open","sticky":false,"template":"","format":"standard","meta":{"footnotes":""},"categories":[18,7],"tags":[1463,692,450],"class_list":["post-17990","post","type-post","status-publish","format-standard","has-post-thumbnail","hentry","category-noticias-principales","category-notas-de-prensa","tag-americalatina","tag-chavez","tag-politica"],"_links":{"self":[{"href":"https:\/\/prensapresidencialvenezuela.gob.ve\/index.php\/wp-json\/wp\/v2\/posts\/17990","targetHints":{"allow":["GET"]}}],"collection":[{"href":"https:\/\/prensapresidencialvenezuela.gob.ve\/index.php\/wp-json\/wp\/v2\/posts"}],"about":[{"href":"https:\/\/prensapresidencialvenezuela.gob.ve\/index.php\/wp-json\/wp\/v2\/types\/post"}],"author":[{"embeddable":true,"href":"https:\/\/prensapresidencialvenezuela.gob.ve\/index.php\/wp-json\/wp\/v2\/users\/1"}],"replies":[{"embeddable":true,"href":"https:\/\/prensapresidencialvenezuela.gob.ve\/index.php\/wp-json\/wp\/v2\/comments?post=17990"}],"version-history":[{"count":1,"href":"https:\/\/prensapresidencialvenezuela.gob.ve\/index.php\/wp-json\/wp\/v2\/posts\/17990\/revisions"}],"predecessor-version":[{"id":17992,"href":"https:\/\/prensapresidencialvenezuela.gob.ve\/index.php\/wp-json\/wp\/v2\/posts\/17990\/revisions\/17992"}],"wp:featuredmedia":[{"embeddable":true,"href":"https:\/\/prensapresidencialvenezuela.gob.ve\/index.php\/wp-json\/wp\/v2\/media\/17991"}],"wp:attachment":[{"href":"https:\/\/prensapresidencialvenezuela.gob.ve\/index.php\/wp-json\/wp\/v2\/media?parent=17990"}],"wp:term":[{"taxonomy":"category","embeddable":true,"href":"https:\/\/prensapresidencialvenezuela.gob.ve\/index.php\/wp-json\/wp\/v2\/categories?post=17990"},{"taxonomy":"post_tag","embeddable":true,"href":"https:\/\/prensapresidencialvenezuela.gob.ve\/index.php\/wp-json\/wp\/v2\/tags?post=17990"}],"curies":[{"name":"wp","href":"https:\/\/api.w.org\/{rel}","templated":true}]}}